{"id":999,"date":"2020-10-12T18:24:20","date_gmt":"2020-10-12T22:24:20","guid":{"rendered":"https:\/\/amblavana.esteri.it\/news\/dall_ambasciata\/2020\/10\/spostamenti-tra-cuba-e-l-italia_0\/"},"modified":"2020-10-12T18:24:20","modified_gmt":"2020-10-12T22:24:20","slug":"spostamenti-tra-cuba-e-l-italia_0","status":"publish","type":"post","link":"https:\/\/amblavana.esteri.it\/it\/news\/dall_ambasciata\/2020\/10\/spostamenti-tra-cuba-e-l-italia_0\/","title":{"rendered":"SPOSTAMENTI TRA CUBA E L\u2019ITALIA &#8211; AGGIORNAMENTO 23 NOVEMBRE"},"content":{"rendered":"<p><strong>INGRESSO A CUBA<\/strong><\/p>\n<p>In applicazione delle recenti misure adottate dalle Autorit\u00e0 cubane, lo spazio aereo nazionale \u00e8 stato riaperto ai voli commerciali di linea. A partire dalla mezzanotte del 15 novembre \u00e8 stato riaperto l\u2019aeroporto internazionale \u201cJose Mart\u00ec\u201d de L\u2019Avana anche alle operazioni aeree commerciali, sia di linea sia charter.<\/p>\n<p>Al riguardo, le competenti Autorit\u00e0 sanitarie hanno istituito un protocollo di controllo sanitario, che prevede le seguenti misure per i viaggiatori:<\/p>\n<ul>\n<li>due test PCR di cui un primo tampone all\u2019arrivo in aeroporto ed un secondo tampone al quinto giorno dall&#8217;arrivo (in caso di risultato positivo, il viaggiatore viene trasferito in ospedale o presso uno dei centri di sorveglianza epidemiologica);<\/li>\n<li>una sorveglianza sanitaria per un periodo di dieci giorni o comunque fino al risultato negativo del secondo PCR, presso l\u2019indirizzo di residenza sull\u2019isola comunicato dal viaggiatore con dichiarazione da consegnare all\u2019arrivo. E\u2019 comunque obbligatorio mantenere stretto coordinamento con il consultorio del medico di famiglia o comunque competente per il municipio di residenza;<\/li>\n<li>il controllo della temperatura prima della partenza ed all&#8217;arrivo.<\/li>\n<\/ul>\n<p>Il protocollo sanitario si applica senza distinzione a cubani residenti all&#8217;estero che vengono a visitare i familiari, ai residenti a Cuba &#8211; nazionali o stranieri &#8211; che si trovavano momentaneamente all&#8217;estero, ai turisti che non soggiornano presso hotel e che non hanno acquistato un pacchetto vacanze presso i cayos, per i quali e&#8217; invece il Ministero del Turismo ad essere competente ad applicare la vigilanza sanitaria direttamente nelle strutture di destinazione.<\/p>\n<p>A partire dal 1 dicembre, i viaggiatori in arrivo (stranieri e cubani non residenti) dovranno pagare in aeroporto una tassa sanitaria che ammonta a 30 USD o l\u2019equivalente in altra valuta estera convertibile.<\/p>\n<p>\u00a0<\/p>\n<p><strong>USCITA DA CUBA<\/strong><\/p>\n<p>Decade, per i doppi cittadini che siano residenti a Cuba, l\u2019obbligo di ottenere l\u2019autorizzazione a lasciare il Paese da parte delle competenti Autorit\u00e0 cubane (Ministero dell\u2019Interno &#8211; Immigrazione). I cittadini italiani residenti a Cuba che desiderino lasciare il territorio cubano potranno farlo, sulla base della disponibilit\u00e0 di voli, senza pi\u00f9 informare preventivamente le Autorit\u00e0 di immigrazione.<\/p>\n<p>\u00a0<\/p>\n<p><strong>INGRESSO IN ITALIA<\/strong><\/p>\n<p>Restano in vigore le misure adottate dal Governo italiano.\u00a0Per informazioni aggiornate, si raccomanda di consultare l\u2019ultima versione delle <strong><a href=\"https:\/\/www.esteri.it\/mae\/it\/ministero\/normativaonline\/decreto-iorestoacasa-domande-frequenti\/focus-cittadini-italiani-in-rientro-dall-estero-e-cittadini-stranieri-in-italia.html\">Risposte alle domande frequenti (FAQ), pubblicate sul sito della Farnesina<\/a><\/strong><\/p>\n","protected":false},"excerpt":{"rendered":"INGRESSO A CUBA In applicazione delle recenti misure adottate dalle Autorit\u00e0 cubane, lo spazio aereo nazionale \u00e8 stato riaperto ai voli commerciali di linea. A partire dalla mezzanotte del 15 novembre \u00e8 stato riaperto l\u2019aeroporto internazionale \u201cJose Mart\u00ec\u201d de L\u2019Avana anche alle operazioni aeree commerciali, sia di linea sia charter. Al riguardo, le competenti Autorit\u00e0 [&hellip;]","protected":false},"author":1,"featured_media":0,"comment_status":"","ping_status":"","sticky":false,"template":"","format":"standard","meta":{"footnotes":""},"tags":[],"class_list":["post-999","post","type-post","status-publish","format-standard","hentry"],"_links":{"self":[{"href":"https:\/\/amblavana.esteri.it\/it\/wp-json\/wp\/v2\/posts\/999","targetHints":{"allow":["GET"]}}],"collection":[{"href":"https:\/\/amblavana.esteri.it\/it\/wp-json\/wp\/v2\/posts"}],"about":[{"href":"https:\/\/amblavana.esteri.it\/it\/wp-json\/wp\/v2\/types\/post"}],"author":[{"embeddable":true,"href":"https:\/\/amblavana.esteri.it\/it\/wp-json\/wp\/v2\/users\/1"}],"replies":[{"embeddable":true,"href":"https:\/\/amblavana.esteri.it\/it\/wp-json\/wp\/v2\/comments?post=999"}],"version-history":[{"count":0,"href":"https:\/\/amblavana.esteri.it\/it\/wp-json\/wp\/v2\/posts\/999\/revisions"}],"wp:attachment":[{"href":"https:\/\/amblavana.esteri.it\/it\/wp-json\/wp\/v2\/media?parent=999"}],"wp:term":[{"taxonomy":"post_tag","embeddable":true,"href":"https:\/\/amblavana.esteri.it\/it\/wp-json\/wp\/v2\/tags?post=999"}],"curies":[{"name":"wp","href":"https:\/\/api.w.org\/{rel}","templated":true}]}}