{"id":986,"date":"2020-12-03T00:09:32","date_gmt":"2020-12-03T04:09:32","guid":{"rendered":"https:\/\/amblavana.esteri.it\/news\/dall_ambasciata\/2020\/12\/spostamenti-tra-cuba-e-l-italia_1\/"},"modified":"2020-12-03T00:09:32","modified_gmt":"2020-12-03T04:09:32","slug":"spostamenti-tra-cuba-e-l-italia_1","status":"publish","type":"post","link":"https:\/\/amblavana.esteri.it\/it\/news\/dall_ambasciata\/2020\/12\/spostamenti-tra-cuba-e-l-italia_1\/","title":{"rendered":"SPOSTAMENTI TRA CUBA E L\u2019ITALIA &#8211; AGGIORNAMENTO 10 DICEMBRE"},"content":{"rendered":"<p><strong>INGRESSO A CUBA<\/strong><\/p>\n<p>In applicazione delle recenti misure adottate dalle Autorit\u00e0 cubane, lo spazio aereo nazionale \u00e8 stato riaperto ai voli commerciali di linea. A partire dalla mezzanotte del 15 novembre \u00e8 stato riaperto l\u2019aeroporto internazionale \u201cJose Mart\u00ec\u201d de L\u2019Avana anche alle operazioni aeree commerciali, sia di linea sia charter. A differenza di quanto disposto nella fase iniziale della pandemia, inoltre, coloro che intendono fare ingresso a Cuba non sono pi\u00f9 tenuti a richiedere, a tal fine, un&#8217;autorizzazione specifica.<\/p>\n<p>Al riguardo, le competenti Autorit\u00e0 sanitarie hanno istituito un protocollo di controllo sanitario, che prevede le seguenti misure:<\/p>\n<ul>\n<li>I turisti in ingresso a Cuba verranno sottoposti a un solo test PCR, al loro arrivo in aeroporto. Non saranno soggetti a quarantena all&#8217;arrivo.\u00a0Le Autorita&#8217; sanitarie predisporranno\u00a0le misure di\u00a0sorveglianza\u00a0sanitaria\u00a0idonee senza limitare la liberta&#8217; di movimento dei turisti, sia presso gli hotel\/hostel, sia presso le case private in affitto dove questi alloggeranno.\u00a0<\/li>\n<\/ul>\n<p>\u00a0<\/p>\n<ul>\n<li>Le altre categorie di viaggiatori saranno invece sottoposti a due test PCR. Il primo all\u2019arrivo in aeroporto e il secondo al quinto giorno dall&#8217;arrivo. In caso di risultato positivo, il viaggiatore viene trasferito in ospedale o presso uno dei centri di sorveglianza epidemiologica. In ogni caso, il viaggiatore \u00e8 sottoposto a sorveglianza sanitaria per un periodo di dieci giorni, o comunque fino al risultato negativo del secondo PCR, presso l&#8217;indirizzo di residenza\/domicilio\/dimora comunicato all&#8217;ingresso sul territorio nazionale. Il viaggiatore \u00e8 comunque tenuto a mettersi in contatto con il consultorio medico competente per il proprio municipio di residenza\/domicilio\/dimora.<\/li>\n<\/ul>\n<p>A partire dal 1\u00b0 dicembre, tutti i viaggiatori in arrivo devono\u00a0pagare in aeroporto una tassa sanitaria che ammonta a 30 USD o l\u2019equivalente in altra valuta estera convertibile.<\/p>\n<p>Per informazioni maggiormente dettagliate, si rinvia alle Risposte alle domande frequenti (FAQ) pubblicate sul sito del Ministero della Salute cubano all&#8217;indirizzo\u00a0<a href=\"https:\/\/salud.msp.gob.cu\/preguntas-y-respuestas-sobre-el-control-sanitario-internacional\/\">https:\/\/salud.msp.gob.cu\/preguntas-y-respuestas-sobre-el-control-sanitario-internacional\/<\/a><\/p>\n<p>\u00a0<\/p>\n<p><strong>USCITA DA CUBA<\/strong><\/p>\n<p>E&#8217; decaduto, per i doppi cittadini che siano residenti a Cuba, l\u2019obbligo di ottenere l\u2019autorizzazione a lasciare il Paese da parte delle competenti Autorit\u00e0 cubane (Ministero dell\u2019Interno &#8211; Immigrazione). I cittadini italiani residenti a Cuba che desiderino lasciare il territorio cubano potranno farlo, sulla base della disponibilit\u00e0 di voli, senza pi\u00f9 informare preventivamente le Autorit\u00e0 di immigrazione.<\/p>\n<p>\u00a0<\/p>\n<p><strong>INGRESSO IN ITALIA<\/strong><\/p>\n<p>Restano in vigore le misure adottate dal Governo italiano. Per informazioni aggiornate, si raccomanda di consultare l\u2019ultima versione delle Risposte alle domande frequenti (FAQ), pubblicate sul sito della Farnesina all&#8217;indirizzo\u00a0<a href=\"https:\/\/www.esteri.it\/mae\/it\/ministero\/normativaonline\/decreto-iorestoacasa-domande-frequenti\/focus-cittadini-italiani-in-rientro-dall-estero-e-cittadini-stranieri-in-italia.html\">https:\/\/www.esteri.it\/mae\/it\/ministero\/normativaonline\/decreto-iorestoacasa-domande-frequenti\/focus-cittadini-italiani-in-rientro-dall-estero-e-cittadini-stranieri-in-italia.html<\/a><\/p>\n","protected":false},"excerpt":{"rendered":"INGRESSO A CUBA In applicazione delle recenti misure adottate dalle Autorit\u00e0 cubane, lo spazio aereo nazionale \u00e8 stato riaperto ai voli commerciali di linea. A partire dalla mezzanotte del 15 novembre \u00e8 stato riaperto l\u2019aeroporto internazionale \u201cJose Mart\u00ec\u201d de L\u2019Avana anche alle operazioni aeree commerciali, sia di linea sia charter. A differenza di quanto disposto [&hellip;]","protected":false},"author":1,"featured_media":0,"comment_status":"","ping_status":"","sticky":false,"template":"","format":"standard","meta":{"footnotes":""},"tags":[],"class_list":["post-986","post","type-post","status-publish","format-standard","hentry"],"_links":{"self":[{"href":"https:\/\/amblavana.esteri.it\/it\/wp-json\/wp\/v2\/posts\/986","targetHints":{"allow":["GET"]}}],"collection":[{"href":"https:\/\/amblavana.esteri.it\/it\/wp-json\/wp\/v2\/posts"}],"about":[{"href":"https:\/\/amblavana.esteri.it\/it\/wp-json\/wp\/v2\/types\/post"}],"author":[{"embeddable":true,"href":"https:\/\/amblavana.esteri.it\/it\/wp-json\/wp\/v2\/users\/1"}],"replies":[{"embeddable":true,"href":"https:\/\/amblavana.esteri.it\/it\/wp-json\/wp\/v2\/comments?post=986"}],"version-history":[{"count":0,"href":"https:\/\/amblavana.esteri.it\/it\/wp-json\/wp\/v2\/posts\/986\/revisions"}],"wp:attachment":[{"href":"https:\/\/amblavana.esteri.it\/it\/wp-json\/wp\/v2\/media?parent=986"}],"wp:term":[{"taxonomy":"post_tag","embeddable":true,"href":"https:\/\/amblavana.esteri.it\/it\/wp-json\/wp\/v2\/tags?post=986"}],"curies":[{"name":"wp","href":"https:\/\/api.w.org\/{rel}","templated":true}]}}