{"id":980,"date":"2020-12-23T14:40:50","date_gmt":"2020-12-23T18:40:50","guid":{"rendered":"https:\/\/amblavana.esteri.it\/news\/dall_ambasciata\/2020\/12\/spostamenti-tra-cuba-e-l-italia_2\/"},"modified":"2020-12-23T14:40:50","modified_gmt":"2020-12-23T18:40:50","slug":"spostamenti-tra-cuba-e-l-italia_2","status":"publish","type":"post","link":"https:\/\/amblavana.esteri.it\/it\/news\/dall_ambasciata\/2020\/12\/spostamenti-tra-cuba-e-l-italia_2\/","title":{"rendered":"COVID-19: ENTRATA\/USCITA DAL TERRITORIO NAZIONALE E ALTRE MISURE IN VIGORE A CUBA"},"content":{"rendered":"<p><strong>INGRESSO A CUBA<\/strong><\/p>\n<p>Dal<strong> 6 aprile 2022<\/strong> sono state abolite tutte le restrizioni all\u2019ingresso a Cuba. Non sar\u00e0 pi\u00f9 necessario mostrare il certificato vaccinale n\u00e9 l\u2019esito negativo di un tampone molecolare per l\u2019ingresso nel Paese.<\/p>\n<p>COVID-19: per monitorare l\u2019evoluzione della situazione epidemiologica, si raccomanda di consultare il sito del Ministero della Salute cubano all\u2019indirizzo https:\/\/salud.msp.gob.cu\/category\/covid-19\/<\/p>\n<p>L&#8217;uso della mascherina \u00e8 obbligatorio su tutto il territorio nazionale, anche all&#8217;aperto.<\/p>\n<p><strong>INGRESSO IN ITALIA<\/strong><\/p>\n<p>Dal <strong>1 maggio 2022<\/strong>, per l\u2019ingresso\/rientro in Italia da Cuba, \u00e8 obbligatorio:<\/p>\n<p>\u2022 Presentare al vettore, all\u2019atto dell\u2019imbarco, e a chiunque sia preposto ai controlli, uno dei seguenti documenti:<\/p>\n<p>\u00a0 \u00a0 \u00a0&#8211; Valido Green Pass;<\/p>\n<p>\u00a0 \u00a0 \u00a0&#8211; Certificato di effettuazione di vaccino riconosciuto in Italia nei 6 mesi precedenti;<\/p>\n<p>\u00a0 \u00a0 \u00a0&#8211; Certificato di avvenuta guarigione da Covid-19 nei 6 mesi precedenti;<\/p>\n<p>\u00a0 \u00a0 \u00a0&#8211; il risultato negativo di un test molecolare condotto con tampone, effettuato nelle settantadue (72) ore precedenti l\u2019ingresso in<br \/>\u00a0 \u00a0 \u00a0 \u00a0Italia, ovvero di un test antigenico condotto con tampone, effettuato nelle quarantotto (48) ore precedenti l\u2019ingresso in Italia.<br \/>\u00a0 \u00a0 \u00a0 \u00a0I bambini fino ai 5 anni sono esenti (dai 6 anni in poi vi \u00e8 l\u2019obbligo).<\/p>\n<p>\u2022 Solo in caso di mancata presentazione di una delle suddette certificazioni, si applica la misura della quarantena per un periodo di 5 giorni, col l\u2019obbligo di sottoporsi ad un test molecolare o antigenico alla fine di detto periodo.<\/p>\n<p><strong>La normativa prevede dei casi di deroghe a tali obblighi; si prega di prendere attentamente visione di: <a href=\"https:\/\/www.viaggiaresicuri.it\/approfondimenti-insights\/saluteinviaggio\">https:\/\/www.viaggiaresicuri.it\/approfondimenti-insights\/saluteinviaggio<\/a>\u00a0<\/strong><\/p>\n<p>Per ulteriori informazioni si prega di consultare:<\/p>\n<p>\u25e6 Focus: <a href=\"http:\/\/www.viaggiaresicuri.it\/approfondimenti-insights\/saluteinviaggio\">http:\/\/www.viaggiaresicuri.it\/approfondimenti-insights\/saluteinviaggio<\/a>\u00a0<\/p>\n<p>\u00a0<\/p>\n","protected":false},"excerpt":{"rendered":"INGRESSO A CUBA Dal 6 aprile 2022 sono state abolite tutte le restrizioni all\u2019ingresso a Cuba. Non sar\u00e0 pi\u00f9 necessario mostrare il certificato vaccinale n\u00e9 l\u2019esito negativo di un tampone molecolare per l\u2019ingresso nel Paese. COVID-19: per monitorare l\u2019evoluzione della situazione epidemiologica, si raccomanda di consultare il sito del Ministero della Salute cubano all\u2019indirizzo https:\/\/salud.msp.gob.cu\/category\/covid-19\/ [&hellip;]","protected":false},"author":1,"featured_media":0,"comment_status":"","ping_status":"","sticky":false,"template":"","format":"standard","meta":{"footnotes":""},"tags":[],"class_list":["post-980","post","type-post","status-publish","format-standard","hentry"],"_links":{"self":[{"href":"https:\/\/amblavana.esteri.it\/it\/wp-json\/wp\/v2\/posts\/980","targetHints":{"allow":["GET"]}}],"collection":[{"href":"https:\/\/amblavana.esteri.it\/it\/wp-json\/wp\/v2\/posts"}],"about":[{"href":"https:\/\/amblavana.esteri.it\/it\/wp-json\/wp\/v2\/types\/post"}],"author":[{"embeddable":true,"href":"https:\/\/amblavana.esteri.it\/it\/wp-json\/wp\/v2\/users\/1"}],"replies":[{"embeddable":true,"href":"https:\/\/amblavana.esteri.it\/it\/wp-json\/wp\/v2\/comments?post=980"}],"version-history":[{"count":0,"href":"https:\/\/amblavana.esteri.it\/it\/wp-json\/wp\/v2\/posts\/980\/revisions"}],"wp:attachment":[{"href":"https:\/\/amblavana.esteri.it\/it\/wp-json\/wp\/v2\/media?parent=980"}],"wp:term":[{"taxonomy":"post_tag","embeddable":true,"href":"https:\/\/amblavana.esteri.it\/it\/wp-json\/wp\/v2\/tags?post=980"}],"curies":[{"name":"wp","href":"https:\/\/api.w.org\/{rel}","templated":true}]}}