{"id":958,"date":"2021-06-23T18:28:45","date_gmt":"2021-06-23T22:28:45","guid":{"rendered":"https:\/\/amblavana.esteri.it\/news\/dall_ambasciata\/2021\/06\/cuba-il-nuovo-ambasciatore-d-italia\/"},"modified":"2021-06-23T18:28:45","modified_gmt":"2021-06-23T22:28:45","slug":"cuba-il-nuovo-ambasciatore-d-italia","status":"publish","type":"post","link":"https:\/\/amblavana.esteri.it\/it\/news\/dall_ambasciata\/2021\/06\/cuba-il-nuovo-ambasciatore-d-italia\/","title":{"rendered":"IL NUOVO AMBASCIATORE, ROBERTO VELLANO, PRESENTA LE CREDENZIALI AL PRESIDENTE DIAZ-CANEL"},"content":{"rendered":"<p style=\"text-align: justify;\">Oggi il nuovo Ambasciatore d\u2019Italia a L&#8217;Avana, Roberto Vellano, ha presentato le lettere credenziali al Presidente della Repubblica di Cuba, Miguel D\u00edaz-Canel Berm\u00fadez.<\/p>\n<p style=\"text-align: justify;\">La cerimonia si \u00e8 svolta al Palazzo della Rivoluzione de L\u2019Avana ed \u00e8 stata seguita da un breve colloquio nel corso del quale sono stati confermati i legami di amicizia, simpatia e collaborazione reciproca che caratterizzano le relazioni tra i due Paesi, nei diversi settori.<\/p>\n<p style=\"text-align: justify;\">Le lettere credenziali sono il documento con cui il Capo dello Stato accredita il suo rappresentante presso il Capo di uno Stato estero.<\/p>\n<p style=\"text-align: justify;\">Si tratta quindi di un passaggio di grande valore simbolico, che sancisce ufficialmente l\u2019inizio della missione diplomatica dell\u2019Ambasciatore Vellano a Cuba.<\/p>\n","protected":false},"excerpt":{"rendered":"Oggi il nuovo Ambasciatore d\u2019Italia a L&#8217;Avana, Roberto Vellano, ha presentato le lettere credenziali al Presidente della Repubblica di Cuba, Miguel D\u00edaz-Canel Berm\u00fadez. La cerimonia si \u00e8 svolta al Palazzo della Rivoluzione de L\u2019Avana ed \u00e8 stata seguita da un breve colloquio nel corso del quale sono stati confermati i legami di amicizia, simpatia e [&hellip;]","protected":false},"author":1,"featured_media":0,"comment_status":"","ping_status":"","sticky":false,"template":"","format":"standard","meta":{"footnotes":""},"tags":[],"class_list":["post-958","post","type-post","status-publish","format-standard","hentry"],"_links":{"self":[{"href":"https:\/\/amblavana.esteri.it\/it\/wp-json\/wp\/v2\/posts\/958","targetHints":{"allow":["GET"]}}],"collection":[{"href":"https:\/\/amblavana.esteri.it\/it\/wp-json\/wp\/v2\/posts"}],"about":[{"href":"https:\/\/amblavana.esteri.it\/it\/wp-json\/wp\/v2\/types\/post"}],"author":[{"embeddable":true,"href":"https:\/\/amblavana.esteri.it\/it\/wp-json\/wp\/v2\/users\/1"}],"replies":[{"embeddable":true,"href":"https:\/\/amblavana.esteri.it\/it\/wp-json\/wp\/v2\/comments?post=958"}],"version-history":[{"count":0,"href":"https:\/\/amblavana.esteri.it\/it\/wp-json\/wp\/v2\/posts\/958\/revisions"}],"wp:attachment":[{"href":"https:\/\/amblavana.esteri.it\/it\/wp-json\/wp\/v2\/media?parent=958"}],"wp:term":[{"taxonomy":"post_tag","embeddable":true,"href":"https:\/\/amblavana.esteri.it\/it\/wp-json\/wp\/v2\/tags?post=958"}],"curies":[{"name":"wp","href":"https:\/\/api.w.org\/{rel}","templated":true}]}}