{"id":941,"date":"2021-07-26T15:29:17","date_gmt":"2021-07-26T19:29:17","guid":{"rendered":"https:\/\/amblavana.esteri.it\/news\/dall_ambasciata\/2021\/07\/avviso-urgente\/"},"modified":"2021-07-26T15:29:17","modified_gmt":"2021-07-26T19:29:17","slug":"avviso-urgente","status":"publish","type":"post","link":"https:\/\/amblavana.esteri.it\/it\/news\/dall_ambasciata\/2021\/07\/avviso-urgente\/","title":{"rendered":"AVVISO URGENTE"},"content":{"rendered":"<p>AVVISO URGENTE<\/p>\n<p>L&#8217;Ambasciata rimarr\u00e0 chiusa al pubblico dal 26 al 28 luglio e riaprir\u00e0 gioved\u00ec 29.<\/p>\n","protected":false},"excerpt":{"rendered":"AVVISO URGENTE L&#8217;Ambasciata rimarr\u00e0 chiusa al pubblico dal 26 al 28 luglio e riaprir\u00e0 gioved\u00ec 29.","protected":false},"author":1,"featured_media":0,"comment_status":"","ping_status":"","sticky":false,"template":"","format":"standard","meta":{"footnotes":""},"tags":[],"class_list":["post-941","post","type-post","status-publish","format-standard","hentry"],"_links":{"self":[{"href":"https:\/\/amblavana.esteri.it\/it\/wp-json\/wp\/v2\/posts\/941","targetHints":{"allow":["GET"]}}],"collection":[{"href":"https:\/\/amblavana.esteri.it\/it\/wp-json\/wp\/v2\/posts"}],"about":[{"href":"https:\/\/amblavana.esteri.it\/it\/wp-json\/wp\/v2\/types\/post"}],"author":[{"embeddable":true,"href":"https:\/\/amblavana.esteri.it\/it\/wp-json\/wp\/v2\/users\/1"}],"replies":[{"embeddable":true,"href":"https:\/\/amblavana.esteri.it\/it\/wp-json\/wp\/v2\/comments?post=941"}],"version-history":[{"count":0,"href":"https:\/\/amblavana.esteri.it\/it\/wp-json\/wp\/v2\/posts\/941\/revisions"}],"wp:attachment":[{"href":"https:\/\/amblavana.esteri.it\/it\/wp-json\/wp\/v2\/media?parent=941"}],"wp:term":[{"taxonomy":"post_tag","embeddable":true,"href":"https:\/\/amblavana.esteri.it\/it\/wp-json\/wp\/v2\/tags?post=941"}],"curies":[{"name":"wp","href":"https:\/\/api.w.org\/{rel}","templated":true}]}}