{"id":883,"date":"2022-04-05T23:14:46","date_gmt":"2022-04-06T03:14:46","guid":{"rendered":"https:\/\/amblavana.esteri.it\/news\/dall_ambasciata\/2022\/04\/partecipazione-italiana-alla-xiv\/"},"modified":"2022-04-05T23:14:46","modified_gmt":"2022-04-06T03:14:46","slug":"partecipazione-italiana-alla-xiv","status":"publish","type":"post","link":"https:\/\/amblavana.esteri.it\/it\/news\/dall_ambasciata\/2022\/04\/partecipazione-italiana-alla-xiv\/","title":{"rendered":"PARTECIPAZIONE ITALIANA ALLA XIV BIENNALE DE L\u2019AVANA"},"content":{"rendered":"<p style=\"text-align: justify;\">L\u2019Ambasciata d\u2019Italia \u00e8 lieta di presentare la partecipazione dell\u2019artista Piero Mottola alla XIV Biennale de L\u2019Avana con l\u2019opera <em>Voices of Life<\/em>, un\u2019installazione sonora, realizzata con 10 diffusori acustici e una mappa emozionale, che l\u2019autore ha concepito per gli spazi del <em>Museo Nacional de Bellas Artes<\/em> de L\u2019Avana.<\/p>\n<p style=\"text-align: justify;\">Attraverso voci, rumori e ritmi vocali di persone comuni, registrati dalla Cina all\u2019Europa, dall\u2019America Latina ai Caraibi, il pubblico sar\u00e0 condotto in un viaggio emozionale sempre diverso. <em>Voices of Life<\/em> nasce nell\u2019ambito del pi\u00f9 esteso progetto <em>Voices<\/em>, su cui Mottola lavora dal 2015 e che ha propiziato una pluriennale collaborazione tra l\u2019artista e il mondo dell\u2019arte contemporanea cubana. Dopo la <em>performance live<\/em> realizzata nel 2019 nell\u2019ambito della XXII Settimana della cultura italiana a Cuba, Mottola torna al <em>Museo de Bellas Artes<\/em> per presentare questo nuovo progetto, incluso nella terza \u201cesperienza\u201d della Biennale, intitolata <em>Regreso al porvenir,<\/em> ultima tappa della manifestazione inaugurata nel novembre dello scorso anno e strutturata in tre grandi sezioni sviluppatesi nell\u2019arco di sei mesi.<\/p>\n<p style=\"text-align: justify;\">L\u2019inaugurazione dell\u2019opera, che verr\u00e0 poi donata al Museo, avr\u00e0 luogo gioved\u00ec 14 aprile 2022 alle ore 12 presso il Museo (<em>Edificio de Arte Universal<\/em>).<\/p>\n","protected":false},"excerpt":{"rendered":"L\u2019Ambasciata d\u2019Italia \u00e8 lieta di presentare la partecipazione dell\u2019artista Piero Mottola alla XIV Biennale de L\u2019Avana con l\u2019opera Voices of Life, un\u2019installazione sonora, realizzata con 10 diffusori acustici e una mappa emozionale, che l\u2019autore ha concepito per gli spazi del Museo Nacional de Bellas Artes de L\u2019Avana. Attraverso voci, rumori e ritmi vocali di persone [&hellip;]","protected":false},"author":1,"featured_media":0,"comment_status":"","ping_status":"","sticky":false,"template":"","format":"standard","meta":{"footnotes":""},"tags":[],"class_list":["post-883","post","type-post","status-publish","format-standard","hentry"],"_links":{"self":[{"href":"https:\/\/amblavana.esteri.it\/it\/wp-json\/wp\/v2\/posts\/883","targetHints":{"allow":["GET"]}}],"collection":[{"href":"https:\/\/amblavana.esteri.it\/it\/wp-json\/wp\/v2\/posts"}],"about":[{"href":"https:\/\/amblavana.esteri.it\/it\/wp-json\/wp\/v2\/types\/post"}],"author":[{"embeddable":true,"href":"https:\/\/amblavana.esteri.it\/it\/wp-json\/wp\/v2\/users\/1"}],"replies":[{"embeddable":true,"href":"https:\/\/amblavana.esteri.it\/it\/wp-json\/wp\/v2\/comments?post=883"}],"version-history":[{"count":0,"href":"https:\/\/amblavana.esteri.it\/it\/wp-json\/wp\/v2\/posts\/883\/revisions"}],"wp:attachment":[{"href":"https:\/\/amblavana.esteri.it\/it\/wp-json\/wp\/v2\/media?parent=883"}],"wp:term":[{"taxonomy":"post_tag","embeddable":true,"href":"https:\/\/amblavana.esteri.it\/it\/wp-json\/wp\/v2\/tags?post=883"}],"curies":[{"name":"wp","href":"https:\/\/api.w.org\/{rel}","templated":true}]}}