{"id":857,"date":"2022-05-20T18:36:55","date_gmt":"2022-05-20T22:36:55","guid":{"rendered":"https:\/\/amblavana.esteri.it\/news\/dall_ambasciata\/2022\/05\/giornata-del-design-italiano-a\/"},"modified":"2022-05-20T18:36:55","modified_gmt":"2022-05-20T22:36:55","slug":"giornata-del-design-italiano-a","status":"publish","type":"post","link":"https:\/\/amblavana.esteri.it\/it\/news\/dall_ambasciata\/2022\/05\/giornata-del-design-italiano-a\/","title":{"rendered":"GIORNATA DEL DESIGN ITALIANO A CUBA"},"content":{"rendered":"<p style=\"text-align: justify;\">Nell\u2019ambito della Biennale del design de L\u2019Avana, il prossimo 26 maggio il Centro ReDi (Restauraci\u00f3n y Dise\u00f1o) ospiter\u00e0 la Giornata del design italiano a Cuba. L\u2019evento, organizzato grazie alla collaborazione tra Ambasciata, Ufficio ICE, Oficina Nacional de Dise\u00f1o e Oficina del Historiador de La Habana sar\u00e0 dedicato all\u2019universo del caff\u00e8, spaziando dal design industriale all\u2019oggettistica e all\u2019arredamento d\u2019interni.<\/p>\n<p style=\"text-align: justify;\">La conferenza dell\u2019ambasciatore del design italiano, l\u2019arch. David Dolcini, avr\u00e0 ad oggetto la relazione tra il mondo del caff\u00e8 e quello del design, con un focus su sostenibilit\u00e0 e stile di vita. Lo stesso giorno verranno inoltre presentati i risultati del concorso \u201cQuedamos para un caf\u00e9\u201d, che permetter\u00e0 ai giovani designer cubani vincitori di trascorrere un periodo di formazione in Italia.<\/p>\n<p>La Giornata del design \u00e8 preceduta da una serie di seminari, che si svolgeranno presso lo stesso Centro ReDi a partire dal 23 maggio (clicca <a href=\"resource\/doc\/2022\/05\/programa.pdf\">qui<\/a> per il programma completo dell\u2019iniziativa).<\/p>\n","protected":false},"excerpt":{"rendered":"Nell\u2019ambito della Biennale del design de L\u2019Avana, il prossimo 26 maggio il Centro ReDi (Restauraci\u00f3n y Dise\u00f1o) ospiter\u00e0 la Giornata del design italiano a Cuba. L\u2019evento, organizzato grazie alla collaborazione tra Ambasciata, Ufficio ICE, Oficina Nacional de Dise\u00f1o e Oficina del Historiador de La Habana sar\u00e0 dedicato all\u2019universo del caff\u00e8, spaziando dal design industriale all\u2019oggettistica [&hellip;]","protected":false},"author":1,"featured_media":0,"comment_status":"","ping_status":"","sticky":false,"template":"","format":"standard","meta":{"footnotes":""},"tags":[],"class_list":["post-857","post","type-post","status-publish","format-standard","hentry"],"_links":{"self":[{"href":"https:\/\/amblavana.esteri.it\/it\/wp-json\/wp\/v2\/posts\/857","targetHints":{"allow":["GET"]}}],"collection":[{"href":"https:\/\/amblavana.esteri.it\/it\/wp-json\/wp\/v2\/posts"}],"about":[{"href":"https:\/\/amblavana.esteri.it\/it\/wp-json\/wp\/v2\/types\/post"}],"author":[{"embeddable":true,"href":"https:\/\/amblavana.esteri.it\/it\/wp-json\/wp\/v2\/users\/1"}],"replies":[{"embeddable":true,"href":"https:\/\/amblavana.esteri.it\/it\/wp-json\/wp\/v2\/comments?post=857"}],"version-history":[{"count":0,"href":"https:\/\/amblavana.esteri.it\/it\/wp-json\/wp\/v2\/posts\/857\/revisions"}],"wp:attachment":[{"href":"https:\/\/amblavana.esteri.it\/it\/wp-json\/wp\/v2\/media?parent=857"}],"wp:term":[{"taxonomy":"post_tag","embeddable":true,"href":"https:\/\/amblavana.esteri.it\/it\/wp-json\/wp\/v2\/tags?post=857"}],"curies":[{"name":"wp","href":"https:\/\/api.w.org\/{rel}","templated":true}]}}