{"id":847,"date":"2022-06-01T23:50:12","date_gmt":"2022-06-02T03:50:12","guid":{"rendered":"https:\/\/amblavana.esteri.it\/news\/dall_ambasciata\/2022\/06\/covid-19-aggiornamento-misure-ingresso\/"},"modified":"2022-06-01T23:50:12","modified_gmt":"2022-06-02T03:50:12","slug":"covid-19-aggiornamento-misure-ingresso","status":"publish","type":"post","link":"https:\/\/amblavana.esteri.it\/it\/news\/dall_ambasciata\/2022\/06\/covid-19-aggiornamento-misure-ingresso\/","title":{"rendered":"COVID-19: AGGIORNAMENTO MISURE INGRESSO IN ITALIA E CUBA"},"content":{"rendered":"<p><strong>INGRESSO A CUBA<\/strong><\/p>\n<p>Dal <strong>1 aprile 2022<\/strong> sono state abolite tutte le restrizioni all\u2019ingresso a Cuba. Non sar\u00e0 pi\u00f9 necessario mostrare il certificato vaccinale n\u00e9 l\u2019esito negativo di un tampone molecolare per l\u2019ingresso nel Paese.<\/p>\n<p>Resta l\u2019obbligo di presentare all\u2019arrivo una dichiarazione di salute reperibile in formato digitale dal sito:\u00a0https:\/\/www.dviajeros.mitrans.gob.cu\/<\/p>\n<p>\u00a0<\/p>\n<p>COVID-19: per monitorare l\u2019evoluzione della situazione epidemiologica, si raccomanda di consultare il sito del Ministero della Salute cubano all\u2019indirizzo https:\/\/salud.msp.gob.cu\/category\/covid-19\/<\/p>\n<p>A partire dal 31 maggio 2022 \u00e8 stato rimosso l\u2019obbligo di indossare la mascherina.<\/p>\n<p><strong>INGRESSO IN ITALIA<\/strong><\/p>\n<p>Dal <strong>1 giugno 2022<\/strong>, per l\u2019ingresso\/rientro in Italia da Cuba, non \u00e8 pi\u00f9 obbligatorio esibire il Green Pass o un certificato equivalente.<\/p>\n<p>Per ulteriori informazioni si prega di consultare:<\/p>\n<p>\u25e6 Focus: http:\/\/www.viaggiaresicuri.it\/approfondimenti-insights\/saluteinviaggio<\/p>\n","protected":false},"excerpt":{"rendered":"INGRESSO A CUBA Dal 1 aprile 2022 sono state abolite tutte le restrizioni all\u2019ingresso a Cuba. Non sar\u00e0 pi\u00f9 necessario mostrare il certificato vaccinale n\u00e9 l\u2019esito negativo di un tampone molecolare per l\u2019ingresso nel Paese. Resta l\u2019obbligo di presentare all\u2019arrivo una dichiarazione di salute reperibile in formato digitale dal sito:\u00a0https:\/\/www.dviajeros.mitrans.gob.cu\/ \u00a0 COVID-19: per monitorare l\u2019evoluzione [&hellip;]","protected":false},"author":1,"featured_media":0,"comment_status":"","ping_status":"","sticky":false,"template":"","format":"standard","meta":{"footnotes":""},"tags":[],"class_list":["post-847","post","type-post","status-publish","format-standard","hentry"],"_links":{"self":[{"href":"https:\/\/amblavana.esteri.it\/it\/wp-json\/wp\/v2\/posts\/847","targetHints":{"allow":["GET"]}}],"collection":[{"href":"https:\/\/amblavana.esteri.it\/it\/wp-json\/wp\/v2\/posts"}],"about":[{"href":"https:\/\/amblavana.esteri.it\/it\/wp-json\/wp\/v2\/types\/post"}],"author":[{"embeddable":true,"href":"https:\/\/amblavana.esteri.it\/it\/wp-json\/wp\/v2\/users\/1"}],"replies":[{"embeddable":true,"href":"https:\/\/amblavana.esteri.it\/it\/wp-json\/wp\/v2\/comments?post=847"}],"version-history":[{"count":0,"href":"https:\/\/amblavana.esteri.it\/it\/wp-json\/wp\/v2\/posts\/847\/revisions"}],"wp:attachment":[{"href":"https:\/\/amblavana.esteri.it\/it\/wp-json\/wp\/v2\/media?parent=847"}],"wp:term":[{"taxonomy":"post_tag","embeddable":true,"href":"https:\/\/amblavana.esteri.it\/it\/wp-json\/wp\/v2\/tags?post=847"}],"curies":[{"name":"wp","href":"https:\/\/api.w.org\/{rel}","templated":true}]}}