{"id":709,"date":"2023-03-07T16:20:54","date_gmt":"2023-03-07T20:20:54","guid":{"rendered":"https:\/\/amblavana.esteri.it\/news\/dall_ambasciata\/2023\/03\/agenzia-ice-si-inaugura-lab-innova\/"},"modified":"2023-03-07T16:20:54","modified_gmt":"2023-03-07T20:20:54","slug":"agenzia-ice-si-inaugura-lab-innova","status":"publish","type":"post","link":"https:\/\/amblavana.esteri.it\/it\/news\/dall_ambasciata\/2023\/03\/agenzia-ice-si-inaugura-lab-innova\/","title":{"rendered":"AGENZIA ICE INAUGURA  &#8220;LAB INNOVA&#8221; CORSO DI FORMAZIONE TECNICO &#8211; MANAGERIALE NEL SETTORE AGRIFOOD"},"content":{"rendered":"<p style=\"text-align: justify;\">Luned\u00ec 6 marzo\u00a0\u00e8 stata inaugurata all\u2019Avana presso il Centro Redi, la prima edizione del corso di formazione tecnico-manageriale del progetto \u201cLab Innova\u201d, un programma integrato di assistenza promosso da ICE Agenzia nel settore agrifood che, per la prima volta si svolge in America Latina.<\/p>\n<p style=\"text-align: justify;\">Dopo essere stata sperimentata con successo in Etiopia, Uganda e Mozambico nel 2019, questa iniziativa \u00e8 stata successivamente replicata in Angola, Rwanda, Ghana, Nigeria, Costa D\u2019Avorio, Senegal e Camerun, coinvolgendo complessivamente oltre 240 aziende africane, e 60 aziende italiane.<\/p>\n<p style=\"text-align: justify;\">Lab Innova, ideato nella sua fase pilota per il continente africano, punta su <strong>formazione manageriale, innovazione e trasferimento tecnologico nel settore agricolo e agroindustriale<\/strong> per accrescere l&#8217;imprenditorialit\u00e0 e la competitivit\u00e0 delle imprese cubane, al fine di sostenere il processo di transizione verso un\u2019economia export oriented ed aumentare le opportunit\u00e0 di business con l\u2019Italia, leader nella trasformazione e nel packaging alimentare.<\/p>\n<p style=\"text-align: justify;\">A Cuba, il settore agricolo \u00e8 prioritario e tra le sfide del prossimo futuro vi \u00e9 la necessaria trasformazione a forme pi\u00f9 efficienti di gestione economica e produttiva, il rafforzamento delle unit\u00e0 di produzione alimentare e l&#8217;estensione delle aree produttive. Il governo cubano sta inoltre cercando di sviluppare il potenziale produttivo da destinare all&#8217;esportazione. i principali prodotti destinati all&#8217;esportazione sono il tabacco, alcuni tipi di frutta, il caff\u00e8, il cacao e la canna da zucchero.<\/p>\n<p style=\"text-align: justify;\">Lab Innova Cuba \u00e8 stato inaugurato dall\u2019Ambasciatore di Italia a Cuba, Roberto Vellano e da Simona Autuori, Direttrice di ICE Habana e vede la partecipzzione di oltre 25 manager di imprese cubane, sia statali sia private d dell&#8217;ufficio AICS, Agenzia Italiana per la cooperazione allo sviluppo.<\/p>\n<p style=\"text-align: justify;\">La fase di aula proseguir\u00e0 fino a gioved\u00ec 9 marzo 2023, sotto la guida di docenti della Faculty ICE ed esperti locali, e sar\u00e0 dedicata ai principali aspetti dell\u2019internazionalizzazione: Strategia, Negoziazione e comunicazione, Marketing internazionale, Food safety, Logistica, Contrattualistica internazionale, Incoterms e Pagamenti internazionali, Innovazione e trasferimento tecnologico e accesso ai finanziamenti internazionali. Una sessione sar\u00e0 dedicata alla presentazione da parte degli esperti AICS Avana dei progetti in corso nel settore Agro alimentare.<\/p>\n<p style=\"text-align: justify;\">Lab Innova Cuba terminer\u00e1 venerd\u00ec 10 marzo con una visita presso l\u2019impresa Fructa Selecta, una delle aziende partners della cooperazione italiana allo sviluppo.<\/p>\n<p style=\"text-align: justify;\">Il programma di LAB INNOVA proseguir\u00e0 a maggio con un viaggio di studio in Italia, in concomitanza con la fiera MACFRUT di Rimini, con visite guidate in fiera e ad aziende italiane del distretto, incontri B2B, sessioni in aula su Business plan e Access to finance, e coaching finale di esperti specializzati della Faculty ICE con l\u2019obiettivo di accompagnare le aziende nel partenariato con imprese italiane e\/o cubane per accedere a finanziamenti europei ed internazionali.<\/p>\n<p style=\"text-align: justify;\">&#8220;LabInnova offre alle imprese cubane statali e private un ampio programma di formazione che si concentrer\u00e0 su alcuni settori chiave per l&#8217;internazionalizzazione del settore&#8221; &#8211; ha dichiarato l&#8217;Ambasciatore di Italia a Cuba Roberto Vellano.&#8221;Una conferma dell&#8217;impegno del Sistema Italia per lo sviluppo della filiera agroalimentare a Cuba, attraverso pfogetti di cooperazione come CubaFruta e Hab.Ama, finanziati da AICS&#8221;<\/p>\n<p style=\"text-align: justify;\">&#8220;Lab innova Cuba si inserisce all&#8217;interno di un pi\u00f9 ampio progetto di sostegno al settore agroalimentare cubano, che Ice Agenzia da 3 anni sta sviluppando insieme ad Aics, con l&#8217;obiettivo di migliorare la capacit\u00e0 delle imprese cubane di competere dui mercati internazionali&#8221;, ha concluso Simona Autuori, Direttrice dell&#8217;Ufficio ICE all\u2019Avana.<\/p>\n","protected":false},"excerpt":{"rendered":"Luned\u00ec 6 marzo\u00a0\u00e8 stata inaugurata all\u2019Avana presso il Centro Redi, la prima edizione del corso di formazione tecnico-manageriale del progetto \u201cLab Innova\u201d, un programma integrato di assistenza promosso da ICE Agenzia nel settore agrifood che, per la prima volta si svolge in America Latina. Dopo essere stata sperimentata con successo in Etiopia, Uganda e Mozambico [&hellip;]","protected":false},"author":1,"featured_media":0,"comment_status":"","ping_status":"","sticky":false,"template":"","format":"standard","meta":{"footnotes":""},"tags":[],"class_list":["post-709","post","type-post","status-publish","format-standard","hentry"],"_links":{"self":[{"href":"https:\/\/amblavana.esteri.it\/it\/wp-json\/wp\/v2\/posts\/709","targetHints":{"allow":["GET"]}}],"collection":[{"href":"https:\/\/amblavana.esteri.it\/it\/wp-json\/wp\/v2\/posts"}],"about":[{"href":"https:\/\/amblavana.esteri.it\/it\/wp-json\/wp\/v2\/types\/post"}],"author":[{"embeddable":true,"href":"https:\/\/amblavana.esteri.it\/it\/wp-json\/wp\/v2\/users\/1"}],"replies":[{"embeddable":true,"href":"https:\/\/amblavana.esteri.it\/it\/wp-json\/wp\/v2\/comments?post=709"}],"version-history":[{"count":0,"href":"https:\/\/amblavana.esteri.it\/it\/wp-json\/wp\/v2\/posts\/709\/revisions"}],"wp:attachment":[{"href":"https:\/\/amblavana.esteri.it\/it\/wp-json\/wp\/v2\/media?parent=709"}],"wp:term":[{"taxonomy":"post_tag","embeddable":true,"href":"https:\/\/amblavana.esteri.it\/it\/wp-json\/wp\/v2\/tags?post=709"}],"curies":[{"name":"wp","href":"https:\/\/api.w.org\/{rel}","templated":true}]}}