{"id":703,"date":"2023-03-08T20:03:19","date_gmt":"2023-03-09T00:03:19","guid":{"rendered":"https:\/\/amblavana.esteri.it\/news\/dall_ambasciata\/2023\/03\/concerto-di-musica-barocca-migraciones\/"},"modified":"2023-03-08T20:03:19","modified_gmt":"2023-03-09T00:03:19","slug":"concerto-di-musica-barocca-migraciones","status":"publish","type":"post","link":"https:\/\/amblavana.esteri.it\/it\/news\/dall_ambasciata\/2023\/03\/concerto-di-musica-barocca-migraciones\/","title":{"rendered":"CONCERTO DI MUSICA BAROCCA \u201cMIGRACIONES Y TRANSMIGRACIONES MUSICALES EN EL SIGLO XVIII\u201d DIRETTO DAL MAESTRO ALBERTO SANNA"},"content":{"rendered":"<p style=\"text-align: justify;\">Sabato 11 marzo alle ore 19:00 l&#8217;Aula Magna del Colegio Universitario San Ger\u00f3nimo de L&#8217;Avana\u00a0ospita il concerto <em>Migraciones y transmigraciones musicales en el siglo XVIII<\/em>: diretto dal Maestro Alberto Sanna, violinista e mujsicologo, il programma di concerto vede due compagini musicali di alto livello eseguire opere per coro e orchestra di Corelli, H\u00e4ndel, Geminiani e la Rinc\u00f3n de Astorga.<\/p>\n<p style=\"text-align: justify;\">\u00a0<\/p>\n<p style=\"text-align: justify;\"><strong>Programma di concerto<\/strong><\/p>\n<ul>\n<li style=\"text-align: justify;\">Georg Friedrich H\u00e4ndel, Concierto para oboe y orquesta de cuerdas HWV 287 en do menor<\/li>\n<li style=\"text-align: justify;\">Arcangelo Corelli, Concierto para viol\u00edn y orquesta de cuerdas op. 6 n. 12 en fa mayor<\/li>\n<li style=\"text-align: justify;\">Francesco Geminiani, Concierto para viol\u00edn y orquesta de cuerdas H. 122 en re mayor<\/li>\n<li style=\"text-align: justify;\">Georg Friedrich H\u00e4ndel, &#8220;Urne voi&#8221;, aria para tenor y orquesta de cuerdas del oratorio Il trionfo del tempo e del disinganno HWV 46a<\/li>\n<li style=\"text-align: justify;\">Georg Friedrich H\u00e4ndel, &#8220;D&#8217;un barbaro scortese&#8221;, aria para tenor y orquesta de cuerdas de la \u00f3pera Poro, re dell&#8217;Indie HWV 28<\/li>\n<li style=\"text-align: justify;\">Emanuele Rinc\u00f3n de Astorga, Stabat Mater para solistas, coro y orquesta de cuerdas<\/li>\n<\/ul>\n<p style=\"text-align: justify;\"><strong>Con la partecipazione di<\/strong><\/p>\n<ul>\n<li style=\"text-align: justify;\">Ensemble Cantabile<\/li>\n<li style=\"text-align: justify;\">Conjunto de M\u00fasica Antigua Exsulten<\/li>\n<li style=\"text-align: justify;\">Camerata Vocale Sine Nomine<\/li>\n<\/ul>\n<p style=\"text-align: justify;\">\u00a0<\/p>\n<p style=\"text-align: justify;\"><strong>Il Maestro Alberto Sanna<\/strong> \u00e8 un violinista, musicologo e pedagogo italiano con sede a Oxford, nel Regno Unito. Specializzato nella musica del XVII e XVIII secolo, ha pubblicato su riviste musicologiche internazionali e, come artista freelance, ha registrato repertori del periodo. Dirige regolarmente opere strumentali e vocali su larga scala al violino ed esegue musica da camera a livello nazionale e internazionale. \u00c8 direttore dell&#8217;associazione di beneficenza Early Music as Education (EMAE) con sede a Liverpool e della sua Early Music Youth Orchestra (EMYO), con la quale si esibisce regolarmente. \u00c8 inoltre Senior Research Fellow presso il Lady Margaret Hall, un college dell&#8217;Universit\u00e0 di Oxford, e professore ospite presso il Colegio Universitario San Ger\u00f3nimo dell&#8217;Avana.<\/p>\n<p style=\"text-align: justify;\"><strong>L&#8217;Ensemble Cantabile<\/strong> \u00e8 un gruppo vocale-strumentale che fa parte del catalogo del Centro Nazionale per la Musica da Concerto e dedica il suo lavoro all&#8217;esecuzione storicamente informata della musica barocca cubana, latinoamericana ed europea. Dalla sua fondazione nel 2016, ha partecipato a diverse rassegne di musica antica tra cui la Semana de M\u00fasica Sacra de La Habana e il Festival de M\u00fasica Antigua de La Habana. La compagnia si distingue per l&#8217;autenticit\u00e0 nella ricreazione dell&#8217;antica scena musicale, cos\u00ec come nel recupero di strumenti storici a Cuba.\u00a0In occasione del concerto diretto dal Maestro Sanna, l\u2019Ensemble Cantabile si esibir\u00e0 insieme a voci del Conjunto de M\u00fasica Antigua Exsulten.<\/p>\n<p style=\"text-align: justify;\">Fondata nel settembre 2003 dal direttore Enrique Fili\u00f9 O\u2019Reilly, la <strong>Camerata Vocale Sine Nomine<\/strong> \u00e8 un progetto di musica corale maschile di voci controtenori (soprano e alto), tenori e bassi: seguendo un criterio di interpretazione della musica originariamente scritta per questo formato, propone un repertorio che abbraccia opere dagli inizi della polifonia fino ai giorni nostri.<\/p>\n","protected":false},"excerpt":{"rendered":"Sabato 11 marzo alle ore 19:00 l&#8217;Aula Magna del Colegio Universitario San Ger\u00f3nimo de L&#8217;Avana\u00a0ospita il concerto Migraciones y transmigraciones musicales en el siglo XVIII: diretto dal Maestro Alberto Sanna, violinista e mujsicologo, il programma di concerto vede due compagini musicali di alto livello eseguire opere per coro e orchestra di Corelli, H\u00e4ndel, Geminiani e [&hellip;]","protected":false},"author":1,"featured_media":0,"comment_status":"","ping_status":"","sticky":false,"template":"","format":"standard","meta":{"footnotes":""},"tags":[],"class_list":["post-703","post","type-post","status-publish","format-standard","hentry"],"_links":{"self":[{"href":"https:\/\/amblavana.esteri.it\/it\/wp-json\/wp\/v2\/posts\/703","targetHints":{"allow":["GET"]}}],"collection":[{"href":"https:\/\/amblavana.esteri.it\/it\/wp-json\/wp\/v2\/posts"}],"about":[{"href":"https:\/\/amblavana.esteri.it\/it\/wp-json\/wp\/v2\/types\/post"}],"author":[{"embeddable":true,"href":"https:\/\/amblavana.esteri.it\/it\/wp-json\/wp\/v2\/users\/1"}],"replies":[{"embeddable":true,"href":"https:\/\/amblavana.esteri.it\/it\/wp-json\/wp\/v2\/comments?post=703"}],"version-history":[{"count":0,"href":"https:\/\/amblavana.esteri.it\/it\/wp-json\/wp\/v2\/posts\/703\/revisions"}],"wp:attachment":[{"href":"https:\/\/amblavana.esteri.it\/it\/wp-json\/wp\/v2\/media?parent=703"}],"wp:term":[{"taxonomy":"post_tag","embeddable":true,"href":"https:\/\/amblavana.esteri.it\/it\/wp-json\/wp\/v2\/tags?post=703"}],"curies":[{"name":"wp","href":"https:\/\/api.w.org\/{rel}","templated":true}]}}