{"id":2975,"date":"2024-12-23T12:25:45","date_gmt":"2024-12-23T16:25:45","guid":{"rendered":"https:\/\/amblavana.esteri.it\/?p=2975"},"modified":"2024-12-24T16:08:22","modified_gmt":"2024-12-24T20:08:22","slug":"premio-iila-literatura-xvi-edicion","status":"publish","type":"post","link":"https:\/\/amblavana.esteri.it\/it\/news\/dall_ambasciata\/2024\/12\/premio-iila-literatura-xvi-edicion\/","title":{"rendered":"IILA financia la participaci\u00f3n de 3 j\u00f3venes investigadores latinoamericanos en la Escuela de Verano del CERN"},"content":{"rendered":"<div>\n<p style=\"text-align: justify;\">Ya est\u00e1 abierta la convocatoria para participar en la\u00a0<strong>Escuela de Verano 2025 del Centro Europeo de Investigaci\u00f3n Nuclear del CERN<\/strong>, con fecha l\u00edmite el 26 de enero de 2025, a las 23:59 horas (hora central europea). Se podr\u00e1 enviar solicitud al CERN siguiendo las instrucciones que se facilitan en la p\u00e1gina web:\u00a0<span id=\"OBJ_PREFIX_DWT1599_com_zimbra_url\" class=\"Object\" role=\"link\"><span id=\"OBJ_PREFIX_DWT1607_com_zimbra_url\" class=\"Object\" role=\"link\"><a href=\"https:\/\/careers.cern\/summer\" target=\"_blank\" rel=\"noopener\">https:\/\/careers.cern\/summer<\/a><\/span><\/span><\/p>\n<div style=\"text-align: justify;\">\n<p>En virtud del acuerdo que esta Organizaci\u00f3n Italo-Latinoamericana ha concluido con el CERN, este a\u00f1o la IILA cubrir\u00e1 los gastos de participaci\u00f3n de al menos tres jovenes investigadores latinoamericanos. La selecci\u00f3n del perfil id\u00f3neo ser\u00e1 realizada conjuntamente por el CERN y la IILA.<\/p>\n<\/div>\n<\/div>\n<div>\n<p style=\"text-align: justify;\">La Escuela de Verano del CERN ofrece a los participantes la oportunidad de trabajar con los equipos de investigaci\u00f3n del Centro de Ginebra y vivir una experiencia \u00fanica en un entorno multidisciplinar, junto a estudiantes e investigadores de todo el mundo.<\/p>\n<\/div>\n","protected":false},"excerpt":{"rendered":"Ya est\u00e1 abierta la convocatoria para participar en la\u00a0Escuela de Verano 2025 del Centro Europeo de Investigaci\u00f3n Nuclear del CERN, con fecha l\u00edmite el 26 de enero de 2025, a las 23:59 horas (hora central europea). Se podr\u00e1 enviar solicitud al CERN siguiendo las instrucciones que se facilitan en la p\u00e1gina web:\u00a0https:\/\/careers.cern\/summer En virtud del [&hellip;]","protected":false},"author":5,"featured_media":0,"comment_status":"closed","ping_status":"closed","sticky":false,"template":"","format":"standard","meta":{"footnotes":""},"tags":[],"class_list":["post-2975","post","type-post","status-publish","format-standard","hentry"],"_links":{"self":[{"href":"https:\/\/amblavana.esteri.it\/it\/wp-json\/wp\/v2\/posts\/2975","targetHints":{"allow":["GET"]}}],"collection":[{"href":"https:\/\/amblavana.esteri.it\/it\/wp-json\/wp\/v2\/posts"}],"about":[{"href":"https:\/\/amblavana.esteri.it\/it\/wp-json\/wp\/v2\/types\/post"}],"author":[{"embeddable":true,"href":"https:\/\/amblavana.esteri.it\/it\/wp-json\/wp\/v2\/users\/5"}],"replies":[{"embeddable":true,"href":"https:\/\/amblavana.esteri.it\/it\/wp-json\/wp\/v2\/comments?post=2975"}],"version-history":[{"count":2,"href":"https:\/\/amblavana.esteri.it\/it\/wp-json\/wp\/v2\/posts\/2975\/revisions"}],"predecessor-version":[{"id":2982,"href":"https:\/\/amblavana.esteri.it\/it\/wp-json\/wp\/v2\/posts\/2975\/revisions\/2982"}],"wp:attachment":[{"href":"https:\/\/amblavana.esteri.it\/it\/wp-json\/wp\/v2\/media?parent=2975"}],"wp:term":[{"taxonomy":"post_tag","embeddable":true,"href":"https:\/\/amblavana.esteri.it\/it\/wp-json\/wp\/v2\/tags?post=2975"}],"curies":[{"name":"wp","href":"https:\/\/api.w.org\/{rel}","templated":true}]}}