{"id":2814,"date":"2024-11-05T17:56:24","date_gmt":"2024-11-05T21:56:24","guid":{"rendered":"https:\/\/amblavana.esteri.it\/?p=2814"},"modified":"2024-11-05T17:56:24","modified_gmt":"2024-11-05T21:56:24","slug":"chiusura-ambasciata-6-novembre-2024","status":"publish","type":"post","link":"https:\/\/amblavana.esteri.it\/it\/news\/dall_ambasciata\/2024\/11\/chiusura-ambasciata-6-novembre-2024\/","title":{"rendered":"CHIUSURA AMBASCIATA 6 NOVEMBRE 2024"},"content":{"rendered":"<p style=\"text-align: justify;\">Si informa la gentile utenza che mercoled\u00ec 6 novembre l\u2019Ambasciata d\u2019Italia rimarr\u00e0 chiusa a causa delle avverse condizioni meteorologiche. Si valuter\u00e0 durante la giornata di domani la possibilit\u00e0 di estendere la chiusura anche a gioved\u00ec 7 novembre. Ulteriori aggiornamenti saranno comunicati tramite il sito web e i canali social dell&#8217;Ambasciata.<\/p>\n","protected":false},"excerpt":{"rendered":"Si informa la gentile utenza che mercoled\u00ec 6 novembre l\u2019Ambasciata d\u2019Italia rimarr\u00e0 chiusa a causa delle avverse condizioni meteorologiche. Si valuter\u00e0 durante la giornata di domani la possibilit\u00e0 di estendere la chiusura anche a gioved\u00ec 7 novembre. Ulteriori aggiornamenti saranno comunicati tramite il sito web e i canali social dell&#8217;Ambasciata.","protected":false},"author":5,"featured_media":0,"comment_status":"closed","ping_status":"closed","sticky":false,"template":"","format":"standard","meta":{"footnotes":""},"tags":[],"class_list":["post-2814","post","type-post","status-publish","format-standard","hentry"],"_links":{"self":[{"href":"https:\/\/amblavana.esteri.it\/it\/wp-json\/wp\/v2\/posts\/2814","targetHints":{"allow":["GET"]}}],"collection":[{"href":"https:\/\/amblavana.esteri.it\/it\/wp-json\/wp\/v2\/posts"}],"about":[{"href":"https:\/\/amblavana.esteri.it\/it\/wp-json\/wp\/v2\/types\/post"}],"author":[{"embeddable":true,"href":"https:\/\/amblavana.esteri.it\/it\/wp-json\/wp\/v2\/users\/5"}],"replies":[{"embeddable":true,"href":"https:\/\/amblavana.esteri.it\/it\/wp-json\/wp\/v2\/comments?post=2814"}],"version-history":[{"count":1,"href":"https:\/\/amblavana.esteri.it\/it\/wp-json\/wp\/v2\/posts\/2814\/revisions"}],"predecessor-version":[{"id":2817,"href":"https:\/\/amblavana.esteri.it\/it\/wp-json\/wp\/v2\/posts\/2814\/revisions\/2817"}],"wp:attachment":[{"href":"https:\/\/amblavana.esteri.it\/it\/wp-json\/wp\/v2\/media?parent=2814"}],"wp:term":[{"taxonomy":"post_tag","embeddable":true,"href":"https:\/\/amblavana.esteri.it\/it\/wp-json\/wp\/v2\/tags?post=2814"}],"curies":[{"name":"wp","href":"https:\/\/api.w.org\/{rel}","templated":true}]}}