{"id":2518,"date":"2024-06-19T10:53:01","date_gmt":"2024-06-19T14:53:01","guid":{"rendered":"https:\/\/amblavana.esteri.it\/?p=2518"},"modified":"2024-06-19T11:53:43","modified_gmt":"2024-06-19T15:53:43","slug":"orizzonti-italia-cuba-il-festival-del-cinema-italiano-allavana","status":"publish","type":"post","link":"https:\/\/amblavana.esteri.it\/it\/news\/dall_ambasciata\/2024\/06\/orizzonti-italia-cuba-il-festival-del-cinema-italiano-allavana\/","title":{"rendered":"ORIZZONTI ITALIA &#8211; CUBA, IL FESTIVAL DEL CINEMA ITALIANO ALL&#8217;AVANA"},"content":{"rendered":"<p><strong>Dal 19 al 23 giugno 2024<\/strong> la terza edizione di<strong> &#8220;Orizzonti Italia &#8211; Cuba&#8221;, il<\/strong>\u00a0<strong>Festival dell\u2019Audiovisivo Italiano all\u2019Avana<\/strong> \u2013 si prepara a celebrare la ricchezza del cinema italiano con una programmazione dedicata ai film classici e contemporanei. Il Festival, ideato e prodotto da\u00a0<strong>Magale Group in collaborazione con l&#8217;ICAIC e la Cinemateca di Cuba, con il sostegno del Ministero della Cultura e dell\u2019Ambasciata d\u2019Italia a L\u2019Avana, <\/strong>sar\u00e0 un\u2019occasione imperdibile per gli appassionati di cinema che potranno assistere a opere prime, pellicole restaurate, documentari e molto altro.<\/p>\n<p>L\u2019<strong>edizione 2024<\/strong> si arricchisce grazie alla<strong> collaborazione con il Ministero degli Esteri e della Cooperazione Internazionale <\/strong>e alla rassegna &#8220;<strong>Fare Cinema&#8221;, <\/strong>la manifestazione cinematografica organizzata presso la rete diplomatico-consolare e degli Istituti Italiani di Cultura, che quest\u2019anno avr\u00e0 uno spazio dedicato durante le iniziative di Orizzonti.<\/p>\n<p>In occasione della\u00a0<strong>conferenza stampa<\/strong> tenutasi marted\u00ec 18 giugno alle ore 11.00, <strong>presso la sala H\u00e9ctor Garc\u00eda Mesa dell&#8217;ICAIC<\/strong>, oltre alla ricca programmazione del Festival, \u00e8 stato presentato il libro edito da Magale Edizioni <strong>&#8220;Calvino. Disfare la letteratura&#8221;<\/strong>, a cura di Sebastiano Triulzi. Il volume rende omaggio a Italo Calvino e indaga il rapporto dello scrittore con Cuba, l\u2019isola dove \u00e8 nato e dove la sua opera continua ad essere oggetto di studio e ammirazione. Il libro raccoglie numerosi interventi critici di accademici e le opere grafiche degli artisti internazionali che hanno partecipato al <strong>concorso indetto da CartelON Grafica cubana<\/strong> e che si sono ispirati ai testi di Calvino per rappresentare i mondi fantastici nati dalla sua penna.<\/p>\n<p>Per maggiori informazioni, visita il sito <a href=\"https:\/\/www.orizzontihub.com\/\">www.orizzontihub.com\u00a0<\/a><\/p>\n","protected":false},"excerpt":{"rendered":"Dal 19 al 23 giugno 2024 la terza edizione di &#8220;Orizzonti Italia &#8211; Cuba&#8221;, il\u00a0Festival dell\u2019Audiovisivo Italiano all\u2019Avana \u2013 si prepara a celebrare la ricchezza del cinema italiano con una programmazione dedicata ai film classici e contemporanei. Il Festival, ideato e prodotto da\u00a0Magale Group in collaborazione con l&#8217;ICAIC e la Cinemateca di Cuba, con il [&hellip;]","protected":false},"author":9,"featured_media":0,"comment_status":"closed","ping_status":"closed","sticky":false,"template":"","format":"standard","meta":{"footnotes":""},"tags":[],"class_list":["post-2518","post","type-post","status-publish","format-standard","hentry"],"_links":{"self":[{"href":"https:\/\/amblavana.esteri.it\/it\/wp-json\/wp\/v2\/posts\/2518","targetHints":{"allow":["GET"]}}],"collection":[{"href":"https:\/\/amblavana.esteri.it\/it\/wp-json\/wp\/v2\/posts"}],"about":[{"href":"https:\/\/amblavana.esteri.it\/it\/wp-json\/wp\/v2\/types\/post"}],"author":[{"embeddable":true,"href":"https:\/\/amblavana.esteri.it\/it\/wp-json\/wp\/v2\/users\/9"}],"replies":[{"embeddable":true,"href":"https:\/\/amblavana.esteri.it\/it\/wp-json\/wp\/v2\/comments?post=2518"}],"version-history":[{"count":4,"href":"https:\/\/amblavana.esteri.it\/it\/wp-json\/wp\/v2\/posts\/2518\/revisions"}],"predecessor-version":[{"id":2526,"href":"https:\/\/amblavana.esteri.it\/it\/wp-json\/wp\/v2\/posts\/2518\/revisions\/2526"}],"wp:attachment":[{"href":"https:\/\/amblavana.esteri.it\/it\/wp-json\/wp\/v2\/media?parent=2518"}],"wp:term":[{"taxonomy":"post_tag","embeddable":true,"href":"https:\/\/amblavana.esteri.it\/it\/wp-json\/wp\/v2\/tags?post=2518"}],"curies":[{"name":"wp","href":"https:\/\/api.w.org\/{rel}","templated":true}]}}