{"id":2296,"date":"2024-03-27T12:15:41","date_gmt":"2024-03-27T16:15:41","guid":{"rendered":"https:\/\/amblavana.esteri.it\/?p=2296"},"modified":"2024-03-27T12:15:41","modified_gmt":"2024-03-27T16:15:41","slug":"avviso-di-pubblicazione-del-bando-per-la-celebrazione-della-festa-della-repubblica-italiana-2024","status":"publish","type":"post","link":"https:\/\/amblavana.esteri.it\/it\/news\/dall_ambasciata\/2024\/03\/avviso-di-pubblicazione-del-bando-per-la-celebrazione-della-festa-della-repubblica-italiana-2024\/","title":{"rendered":"Avviso di pubblicazione del bando per la celebrazione della FESTA DELLA REPUBBLICA ITALIANA 2024."},"content":{"rendered":"<p style=\"text-align: justify;\">L\u2019Ambasciata d\u2019Italia a Cuba apre la disponibilit\u00e0 ad offerte di sponsorizzazione per la realizzazione della celebrazione della Festa della Repubblica che si svolger\u00e0 in data 3 giugno 2024.<\/p>\n<p style=\"text-align: justify;\">\u00c8 possibile presentare le offerte di sponsorizzazione fino alle ore 12:00 (GMT) del 30.04.2024.<\/p>\n<p style=\"text-align: justify;\">A tal fine, i soggetti interessati sono cortesemente invitati a prendere visione dei documenti di seguito allegati che illustrano le modalit\u00e0 di partecipazione.<\/p>\n<ol>\n<li style=\"text-align: justify;\"><a href=\"https:\/\/amblavana.esteri.it\/wp-content\/uploads\/2024\/03\/BANDO-DI-SPONSORIZZAZIONE.docx\"><u>Bando per la presentazione di offerte di sponsorizzazione<\/u><\/a><\/li>\n<li style=\"text-align: justify;\"><a href=\"https:\/\/amblavana.esteri.it\/wp-content\/uploads\/2024\/03\/Allegato-1.docx\"><u>Allegato 1 modello offerta sponsorizzazione<\/u><\/a><\/li>\n<\/ol>\n","protected":false},"excerpt":{"rendered":"L\u2019Ambasciata d\u2019Italia a Cuba apre la disponibilit\u00e0 ad offerte di sponsorizzazione per la realizzazione della celebrazione della Festa della Repubblica che si svolger\u00e0 in data 3 giugno 2024. \u00c8 possibile presentare le offerte di sponsorizzazione fino alle ore 12:00 (GMT) del 30.04.2024. A tal fine, i soggetti interessati sono cortesemente invitati a prendere visione dei [&hellip;]","protected":false},"author":5,"featured_media":0,"comment_status":"closed","ping_status":"closed","sticky":false,"template":"","format":"standard","meta":{"footnotes":""},"tags":[],"class_list":["post-2296","post","type-post","status-publish","format-standard","hentry"],"_links":{"self":[{"href":"https:\/\/amblavana.esteri.it\/it\/wp-json\/wp\/v2\/posts\/2296","targetHints":{"allow":["GET"]}}],"collection":[{"href":"https:\/\/amblavana.esteri.it\/it\/wp-json\/wp\/v2\/posts"}],"about":[{"href":"https:\/\/amblavana.esteri.it\/it\/wp-json\/wp\/v2\/types\/post"}],"author":[{"embeddable":true,"href":"https:\/\/amblavana.esteri.it\/it\/wp-json\/wp\/v2\/users\/5"}],"replies":[{"embeddable":true,"href":"https:\/\/amblavana.esteri.it\/it\/wp-json\/wp\/v2\/comments?post=2296"}],"version-history":[{"count":1,"href":"https:\/\/amblavana.esteri.it\/it\/wp-json\/wp\/v2\/posts\/2296\/revisions"}],"predecessor-version":[{"id":2300,"href":"https:\/\/amblavana.esteri.it\/it\/wp-json\/wp\/v2\/posts\/2296\/revisions\/2300"}],"wp:attachment":[{"href":"https:\/\/amblavana.esteri.it\/it\/wp-json\/wp\/v2\/media?parent=2296"}],"wp:term":[{"taxonomy":"post_tag","embeddable":true,"href":"https:\/\/amblavana.esteri.it\/it\/wp-json\/wp\/v2\/tags?post=2296"}],"curies":[{"name":"wp","href":"https:\/\/api.w.org\/{rel}","templated":true}]}}