{"id":2208,"date":"2024-02-23T15:51:51","date_gmt":"2024-02-23T19:51:51","guid":{"rendered":"https:\/\/amblavana.esteri.it\/?p=2208"},"modified":"2024-02-23T15:55:37","modified_gmt":"2024-02-23T19:55:37","slug":"2208","status":"publish","type":"post","link":"https:\/\/amblavana.esteri.it\/it\/news\/dall_ambasciata\/2024\/02\/2208\/","title":{"rendered":"Bienal de Venecia &#8211; Convocatorias"},"content":{"rendered":"<p style=\"text-align: justify;\">La Biennale di Venezia ha anunciado el lanzamiento de dos convocatorias internacionales para j\u00f3venes bailarines\/as y core\u00f3grafos\/as. Wayne McGregor, director art\u00edstico, colaborar\u00e1 con j\u00f3venes bailarines en una nueva creaci\u00f3n que se estrenar\u00e1 en el 18\u00ba Festival Internacional de Danza Contempor\u00e1nea. Diecis\u00e9is bailarines y dos core\u00f3grafos de entre 18 y 28 a\u00f1os realizar\u00e1n una residencia intensiva de tres meses en Venecia, estudiando con maestros internacionales y desarrollando sus habilidades art\u00edsticas. El programa incluye clases, talleres y la presentaci\u00f3n de nuevas obras coreogr\u00e1ficas en el festival, entre ellas creaciones de McGregor, Cristina Caprioli y los core\u00f3grafos seleccionados, con el objetivo de cultivar una nueva generaci\u00f3n de artistas de la danza.<\/p>\n<p><a href=\"https:\/\/www.labiennale.org\/en\/dance\/2024\/biennale-college-danza-2024-choreographers\">Convocatoria para core\u00f3grafos\/as<\/a><\/p>\n<p><a href=\"https:\/\/www.labiennale.org\/en\/dance\/2024\/biennale-college-danza-2024-dancers\">Convocatoria para bailarines\/as<\/a><\/p>\n<p style=\"text-align: justify;\"><strong>Abiertas hasta el viernes 8 de marzo de 2024<\/strong><\/p>\n<p style=\"text-align: justify;\">El programa de la UNESCO <strong><em>Transcultura: Integrando a Cuba, el Caribe y la Uni\u00f3n Europea mediante Cultura y Creatividad<\/em><\/strong>, financiado por la Uni\u00f3n Europea, brindar\u00e1 un apoyo a la participaci\u00f3n de artistas del Caribe (nacionales y residentes en los pa\u00edses beneficiarios del programa<sup>1<\/sup>) en Venecia (Italia) en caso de ser seleccionados.<\/p>\n<h6 style=\"text-align: justify;\"><sup>1<\/sup>Antigua y Barbuda, Bahamas, Barbados, Belice, Cuba, Dominica, Granada, Guayana, Hait\u00ed, Jamaica, Montserrat, Rep\u00fablica Dominicana, Saint Kitts y Nevis, Santa Luc\u00eda, San Vicente y las Granadines, Suriname y Trinidad y Tobago.<\/h6>\n","protected":false},"excerpt":{"rendered":"La Biennale di Venezia ha anunciado el lanzamiento de dos convocatorias internacionales para j\u00f3venes bailarines\/as y core\u00f3grafos\/as. Wayne McGregor, director art\u00edstico, colaborar\u00e1 con j\u00f3venes bailarines en una nueva creaci\u00f3n que se estrenar\u00e1 en el 18\u00ba Festival Internacional de Danza Contempor\u00e1nea. Diecis\u00e9is bailarines y dos core\u00f3grafos de entre 18 y 28 a\u00f1os realizar\u00e1n una residencia intensiva [&hellip;]","protected":false},"author":5,"featured_media":0,"comment_status":"closed","ping_status":"closed","sticky":false,"template":"","format":"standard","meta":{"footnotes":""},"tags":[],"class_list":["post-2208","post","type-post","status-publish","format-standard","hentry"],"_links":{"self":[{"href":"https:\/\/amblavana.esteri.it\/it\/wp-json\/wp\/v2\/posts\/2208","targetHints":{"allow":["GET"]}}],"collection":[{"href":"https:\/\/amblavana.esteri.it\/it\/wp-json\/wp\/v2\/posts"}],"about":[{"href":"https:\/\/amblavana.esteri.it\/it\/wp-json\/wp\/v2\/types\/post"}],"author":[{"embeddable":true,"href":"https:\/\/amblavana.esteri.it\/it\/wp-json\/wp\/v2\/users\/5"}],"replies":[{"embeddable":true,"href":"https:\/\/amblavana.esteri.it\/it\/wp-json\/wp\/v2\/comments?post=2208"}],"version-history":[{"count":3,"href":"https:\/\/amblavana.esteri.it\/it\/wp-json\/wp\/v2\/posts\/2208\/revisions"}],"predecessor-version":[{"id":2216,"href":"https:\/\/amblavana.esteri.it\/it\/wp-json\/wp\/v2\/posts\/2208\/revisions\/2216"}],"wp:attachment":[{"href":"https:\/\/amblavana.esteri.it\/it\/wp-json\/wp\/v2\/media?parent=2208"}],"wp:term":[{"taxonomy":"post_tag","embeddable":true,"href":"https:\/\/amblavana.esteri.it\/it\/wp-json\/wp\/v2\/tags?post=2208"}],"curies":[{"name":"wp","href":"https:\/\/api.w.org\/{rel}","templated":true}]}}