{"id":1711,"date":"2008-04-04T16:45:43","date_gmt":"2008-04-04T20:45:43","guid":{"rendered":"https:\/\/amblavana.esteri.it\/news\/dall_ambasciata\/2008\/04\/news04042008\/"},"modified":"2008-04-04T16:45:43","modified_gmt":"2008-04-04T20:45:43","slug":"news04042008","status":"publish","type":"post","link":"https:\/\/amblavana.esteri.it\/it\/news\/dall_ambasciata\/2008\/04\/news04042008\/","title":{"rendered":"XVII Settimana della Cultura Italiana a Cuba (3)"},"content":{"rendered":"<p><P class=\"MsoNormal\" style=\"MARGIN: 0cm 0cm 0pt; mso-layout-grid-align: none\"><SPAN lang=\"ES-TRAD\" style=\"FONT-SIZE: 10pt; FONT-FAMILY: 'Courier New'; mso-ansi-language: ES-TRAD\"><FONT color=\"#000000\" size=\"3\" face=\"Times New Roman\">Nella terza giornata della Settimana, presso il Castillo de la Real Fuerza \u00e8 stata inaugurata l\u2019esposizione \u201cLe fortificazioni degli Antonelli a Cuba\u201d in collaborazione con l\u2019Ambasciata di Spagna a L\u2019Avana. Gli Antonelli svolgevano attivit\u00e0 all\u2019epoca per conto della corona di Spagna. Dopo la Cerimonia di inaugurazione, i molteplici aspetti strutturali, estetici e militari delle opere degli Antonelli sono stati analizzati con estrema attenzione in un Seminario al quale hanno preso parte quattro relatori, fra cui il Prof.\u00a0 Michele Paradiso dell\u2019Universit\u00e0 di Firenze. Nel pomeriggio \u00e8 stato presentato il secondo tappeto di petali, esempio di grande perizia tecnica nonch\u00e9 artistica, dopo quello dedicato a Alfredo Cannatello nella giornata inaugurale. Predisposto nel Museo Nazionale di Belle Arti, questa volta l\u2019omaggio \u00e8 stato rivolto al grande pittore cubano Wifredo Lam con il suggestivo titolo di \u201cLas mujeres\u201d (Le donne). A seguire, presso il Teatro dello stesso Museo si \u00e8 tenuta la Tavola Rotonda \u201cL\u2019inclusione sociale delle persone diversamente abili\u201d. Al dibattito, molto vivace e di grande interesse, cui lo stesso pubblico ha partecipato, hanno preso parte specialisti ed esponenti di progetti (Paolo Canale per il progetto Downmusic di musicoterapia , Marlene Prieto Abreu per il progetto \u201cTejendo hilos\u201d dedicato ad attivit\u00e0 manuali applicate alla lavorazione del baco da seta, Martha Dominguez Gonzalez per il progetto \u201cTenis adaptado en silla de ruedas\u201d, Paolo Bonino, Cristina Cavagnero per il progetto Le Ali e Costantino Perna per il progetto Lab 3.11, Francesco Mascaretti e Luis Alberto Perez Rodriguez per il progetto \u201cNueva vida\u201d relativo al karate adattato) nonch\u00e9 due specialiste psicologhe del CENESEX (Centro Nazionale di Educazione Sessuale) che attraverso differenti strumenti condividono l\u2019obiettivo di migliorare le condizioni psicologiche e di vita delle persone diversamente abili.\u00a0 <BR>\u00a0La giornata si \u00e8 conclusa, ancora presso la stessa sede, con il concerto \u201cDown Music\u201d dei Bearly, gruppo di 6 giovani affetti dalla sindrome di Down che lo stesso Paolo Canale ha preparato e seguito e che, grazie alla sua appassionata dedizione, \u00e8 riuscito a coinvolgere in uno spettacolo emozionante e trascinante in cui l\u2019acclamato cantante cubano David Blanco ha ballato e suonato insieme ai ragazzi, eseguendo alcuni famosissimi brani del suo repertorio.<BR><\/FONT><\/SPAN><\/P><P class=\"MsoNormal\" style=\"MARGIN: 0cm 0cm 0pt\"><SPAN lang=\"ES-TRAD\" style=\"mso-ansi-language: ES-TRAD\"><?xml:namespace prefix = \"o\" ns = \"urn:schemas-microsoft-com:office:office\" \/><o:p><FONT color=\"#000000\" size=\"3\" face=\"Times New Roman\"><BR><BR><IMG border=\"0\" alt=\"a1\" src=\"\/resource\/2014\/12\/84257_f_amb61_DSC4492tappetodifioriLasmujeresomaggioaWifredoLam.jpg\"><\/FONT><\/o:p><\/SPAN><\/P><br \/>\n<P><BR><IMG border=\"0\" alt=\"blanco\" src=\"\/resource\/2014\/12\/84258_f_amb61_DSC4745CanaleDavidBlancoebambinigruppoBEARLY.jpg\"><\/P><br \/>\n<P><BR><IMG border=\"0\" alt=\"paradiso\" src=\"\/resource\/2014\/12\/84259_f_amb61_ESS9453conferenzaProfMicheleParadiso.jpg\"><\/P><\/p>\n","protected":false},"excerpt":{"rendered":"Nella terza giornata della Settimana, presso il Castillo de la Real Fuerza \u00e8 stata inaugurata l\u2019esposizione \u201cLe fortificazioni degli Antonelli a Cuba\u201d in collaborazione con l\u2019Ambasciata di Spagna a L\u2019Avana. Gli Antonelli svolgevano attivit\u00e0 all\u2019epoca per conto della corona di Spagna. Dopo la Cerimonia di inaugurazione, i molteplici aspetti strutturali, estetici e militari delle opere [&hellip;]","protected":false},"author":1,"featured_media":0,"comment_status":"","ping_status":"","sticky":false,"template":"","format":"standard","meta":{"footnotes":""},"tags":[],"class_list":["post-1711","post","type-post","status-publish","format-standard","hentry"],"_links":{"self":[{"href":"https:\/\/amblavana.esteri.it\/it\/wp-json\/wp\/v2\/posts\/1711","targetHints":{"allow":["GET"]}}],"collection":[{"href":"https:\/\/amblavana.esteri.it\/it\/wp-json\/wp\/v2\/posts"}],"about":[{"href":"https:\/\/amblavana.esteri.it\/it\/wp-json\/wp\/v2\/types\/post"}],"author":[{"embeddable":true,"href":"https:\/\/amblavana.esteri.it\/it\/wp-json\/wp\/v2\/users\/1"}],"replies":[{"embeddable":true,"href":"https:\/\/amblavana.esteri.it\/it\/wp-json\/wp\/v2\/comments?post=1711"}],"version-history":[{"count":0,"href":"https:\/\/amblavana.esteri.it\/it\/wp-json\/wp\/v2\/posts\/1711\/revisions"}],"wp:attachment":[{"href":"https:\/\/amblavana.esteri.it\/it\/wp-json\/wp\/v2\/media?parent=1711"}],"wp:term":[{"taxonomy":"post_tag","embeddable":true,"href":"https:\/\/amblavana.esteri.it\/it\/wp-json\/wp\/v2\/tags?post=1711"}],"curies":[{"name":"wp","href":"https:\/\/api.w.org\/{rel}","templated":true}]}}