{"id":1701,"date":"2008-05-15T16:21:35","date_gmt":"2008-05-15T20:21:35","guid":{"rendered":"https:\/\/amblavana.esteri.it\/news\/dall_ambasciata\/2008\/05\/news15052008-2\/"},"modified":"2008-05-15T16:21:35","modified_gmt":"2008-05-15T20:21:35","slug":"news15052008-2","status":"publish","type":"post","link":"https:\/\/amblavana.esteri.it\/it\/news\/dall_ambasciata\/2008\/05\/news15052008-2\/","title":{"rendered":"\u00a0XVII Settimana della Cultura Italiana a Cuba\u00a0 (2)"},"content":{"rendered":"<p><P>La seconda giornata della Settimana si \u00e8 aperta con l\u2019interessantissima conferenza \u201cRitorno di Giovanni Verga\u201d tenuta, presso la Facolt\u00e0 di Arte e Lettere dell\u2019Universit\u00e0 de L\u2019Avana, dal Professore Rafael Rodr\u00edguez Beltr\u00e1n, Vicepresidente della Fondazione Alejo Carpentier. Il professor Beltr\u00e1n, grande esperto di musica e letteratura europee, in particolare di Francia e Italia, ha parlato di come Verga, autore da molto tempo non pi\u00f9 letto a Cuba, sia qui rientrato da una \u2018porta secondaria\u2019 grazie a una straordinaria esecuzione della Cavalleria rusticana di Pietro Mascagni. Descrivendo in maniera dotta, affascinante e al contempo divertente, il rapporto fra Verga e Mascagni, il professor Beltr\u00e1n ha sicuramente contribuito a stimolare la curiosit\u00e0 del pubblico di conoscere questo nostro importante romanziere dell\u2019800.<BR>Un evento particolarmente significativo \u00e8 stata un\u2019emozionante presentazione della retrospettiva \u201cL\u2019Amleto cubano\u201d in omaggio all\u2019attore Tomas Milian, nato a Cuba nel lontano 1933 e assente dall\u2019isola natia da quasi 60 anni. La manifestazione si \u00e8 potuta realizzare grazie al sostegno dell\u2019ICAIC (Istituto Cubano dell\u2019Arte e dell\u2019Industria Cinematografiche), della Cinemateca di Cuba e dell\u2019Ambasciata d\u2019Italia nel Centro Culturale Cinematografico \u201cFresa y Chocolate\u201d e nel cinema Chaplin,ed \u00e8 stata oltremodo arricchita dall\u2019esposizione \u201cMuros\u201d di fotografie scattate dello stesso attore nel corso dei suoi numerosi viaggi. Tomas Milian, lo scorso ottobre a Roma, ha ricevuto il Premio alla Carriera \u201cMarco Aurelio\u201d in occasione del IX Festival Internazionale del Cinema.<BR>Nella F.A.C. (Fabrica de Arte Cubano), un tempo fabbrica per la produzione di olio industriale e attualmente contesto insolito e speciale adibito all\u2019arte contemporanea e agli scambi culturali, \u00e8 stata presentata la 2a edizione cubana del Premio Maretti. Quest\u2019anno, l\u2019iniziativa della Casa Editrice Maretti rende omaggio all\u2019artista italiano Gilberto Zorio e durer\u00e0 sino al 16 dicembre. In collaborazione con l\u2019Ambasciata d\u2019Italia e con il Centro di Arte Contemporanea Wifredo Lam, il Premio \u00e8 stato consegnato da una Giuria mista italo-cubana. L\u2019onorificenza agli artisti cubani \u00e8 andata a pari merito a due giovani, Grethell Ras\u00faa e Susana del Pilar Delahante, per l\u2019innovazione e l\u2019originalit\u00e0 delle loro opere, rispettivamente una performance (Cuanto encontramos para vencer) e una videoinstallazione (El deseo). Fra gli italiani, \u00e8 stato scelto Filippo Berta con il video Homo Homini Lupus. <BR>La seconda giornata si \u00e8 conclusa con lo spettacolo di burattini \u201cVita, morte e resurrezione di Pulcinella Cetrulo\u201d, ideato e realizzato dal Maestro Bruno Leone, con musiche eseguite dal vivo da Gianluca Fusco, alla chitarra e alla fisarmonica. Lo spettacolo, un inno alla pace e una ironica quanto incessante lotta contro ogni tipo di guerra, \u00e8 altres\u00ec una metafora in cui il diverso e l\u2019apparente ingenuo rivelano gli aspetti e le contraddizioni del mondo reale.\u00a0<BR>\u00a0<BR><BR><IMG border=\"0\" alt=\"s2-1\" src=\"\/resource\/2014\/11\/83849_f_amb61_DSC4158ConferenzaRafaelBeltran.jpg\"><\/P><DIV class=\"corpoPagina\"><BR><BR><IMG border=\"0\" alt=\"millian\" src=\"\/resource\/2014\/11\/83853_f_amb61_DSC4185AmbMilianpubblicoCentroCultFresayChocolate.jpg\"><BR><BR><IMG border=\"0\" alt=\"s2-3\" src=\"\/resource\/2014\/11\/83851_f_amb61_DSC4268AmbVicinidiscorsoPREMIOMARETTI.jpg\"><BR><BR><IMG border=\"0\" alt=\"s2-4\" src=\"\/resource\/2014\/11\/83852_f_amb61_DSC4335eventoPulcinellaLeoneeFusco.jpg\"><\/DIV><!--colonnaSx_Home--><\/p>\n","protected":false},"excerpt":{"rendered":"La seconda giornata della Settimana si \u00e8 aperta con l\u2019interessantissima conferenza \u201cRitorno di Giovanni Verga\u201d tenuta, presso la Facolt\u00e0 di Arte e Lettere dell\u2019Universit\u00e0 de L\u2019Avana, dal Professore Rafael Rodr\u00edguez Beltr\u00e1n, Vicepresidente della Fondazione Alejo Carpentier. Il professor Beltr\u00e1n, grande esperto di musica e letteratura europee, in particolare di Francia e Italia, ha parlato di [&hellip;]","protected":false},"author":1,"featured_media":0,"comment_status":"","ping_status":"","sticky":false,"template":"","format":"standard","meta":{"footnotes":""},"tags":[],"class_list":["post-1701","post","type-post","status-publish","format-standard","hentry"],"_links":{"self":[{"href":"https:\/\/amblavana.esteri.it\/it\/wp-json\/wp\/v2\/posts\/1701","targetHints":{"allow":["GET"]}}],"collection":[{"href":"https:\/\/amblavana.esteri.it\/it\/wp-json\/wp\/v2\/posts"}],"about":[{"href":"https:\/\/amblavana.esteri.it\/it\/wp-json\/wp\/v2\/types\/post"}],"author":[{"embeddable":true,"href":"https:\/\/amblavana.esteri.it\/it\/wp-json\/wp\/v2\/users\/1"}],"replies":[{"embeddable":true,"href":"https:\/\/amblavana.esteri.it\/it\/wp-json\/wp\/v2\/comments?post=1701"}],"version-history":[{"count":0,"href":"https:\/\/amblavana.esteri.it\/it\/wp-json\/wp\/v2\/posts\/1701\/revisions"}],"wp:attachment":[{"href":"https:\/\/amblavana.esteri.it\/it\/wp-json\/wp\/v2\/media?parent=1701"}],"wp:term":[{"taxonomy":"post_tag","embeddable":true,"href":"https:\/\/amblavana.esteri.it\/it\/wp-json\/wp\/v2\/tags?post=1701"}],"curies":[{"name":"wp","href":"https:\/\/api.w.org\/{rel}","templated":true}]}}