{"id":1696,"date":"2008-09-24T12:29:27","date_gmt":"2008-09-24T16:29:27","guid":{"rendered":"https:\/\/amblavana.esteri.it\/news\/dall_ambasciata\/2008\/09\/news23092008\/"},"modified":"2008-09-24T12:29:27","modified_gmt":"2008-09-24T16:29:27","slug":"news23092008","status":"publish","type":"post","link":"https:\/\/amblavana.esteri.it\/it\/news\/dall_ambasciata\/2008\/09\/news23092008\/","title":{"rendered":"FIHAV 2014"},"content":{"rendered":"<p><P><SPAN style=\"FONT-SIZE: 10pt; FONT-FAMILY: Arial\"><SPAN style=\"FONT-SIZE: 10pt; FONT-FAMILY: Arial\"><FONT color=\"#000000\"><?xml:namespace prefix = \"o\" ns = \"urn:schemas-microsoft-com:office:office\" \/><o:p>A conferma del crescente interesse verso Cuba, sono state quasi cento le imprese italiane che hanno partecipato alla 32ma edizione della Fiera Internazionale de L\u2019Avana (FIHAV), dal 2 all\u20198 novembre. Il Padiglione Italia, organizzato dall\u2019ICE, \u00e8 stato inaugurato marted\u00ec 4 dal Vice Ministro del Mincex, Ileana Nu\u00f1ez, e dal Vice Ministro MISE, Carlo Calenda. La manifestazione, visitata quest\u2019anno anche dal Presidente dell\u2019ICE Riccardo Monti, \u00e8 stata l\u2019occasione per la presentazione ad una platea internazionale di operatori economici della \u201cCartera de oportunidades\u201d per gli investimenti a Cuba.<\/o:p><\/FONT><\/SPAN><\/SPAN><\/P><br \/>\n<P><SPAN style=\"FONT-SIZE: 10pt; FONT-FAMILY: Arial\"><SPAN style=\"FONT-SIZE: 10pt; FONT-FAMILY: Arial\"><FONT color=\"#000000\"><o:p><BR><IMG border=\"0\" alt=\"VM Calenda\" src=\"\/resource\/2014\/11\/83575_f_amb61VMCalendainFIHAV2.jpg\"><\/o:p><\/FONT><\/SPAN><\/P><\/SPAN><\/p>\n","protected":false},"excerpt":{"rendered":"A conferma del crescente interesse verso Cuba, sono state quasi cento le imprese italiane che hanno partecipato alla 32ma edizione della Fiera Internazionale de L\u2019Avana (FIHAV), dal 2 all\u20198 novembre. Il Padiglione Italia, organizzato dall\u2019ICE, \u00e8 stato inaugurato marted\u00ec 4 dal Vice Ministro del Mincex, Ileana Nu\u00f1ez, e dal Vice Ministro MISE, Carlo Calenda. La [&hellip;]","protected":false},"author":1,"featured_media":0,"comment_status":"","ping_status":"","sticky":false,"template":"","format":"standard","meta":{"footnotes":""},"tags":[],"class_list":["post-1696","post","type-post","status-publish","format-standard","hentry"],"_links":{"self":[{"href":"https:\/\/amblavana.esteri.it\/it\/wp-json\/wp\/v2\/posts\/1696","targetHints":{"allow":["GET"]}}],"collection":[{"href":"https:\/\/amblavana.esteri.it\/it\/wp-json\/wp\/v2\/posts"}],"about":[{"href":"https:\/\/amblavana.esteri.it\/it\/wp-json\/wp\/v2\/types\/post"}],"author":[{"embeddable":true,"href":"https:\/\/amblavana.esteri.it\/it\/wp-json\/wp\/v2\/users\/1"}],"replies":[{"embeddable":true,"href":"https:\/\/amblavana.esteri.it\/it\/wp-json\/wp\/v2\/comments?post=1696"}],"version-history":[{"count":0,"href":"https:\/\/amblavana.esteri.it\/it\/wp-json\/wp\/v2\/posts\/1696\/revisions"}],"wp:attachment":[{"href":"https:\/\/amblavana.esteri.it\/it\/wp-json\/wp\/v2\/media?parent=1696"}],"wp:term":[{"taxonomy":"post_tag","embeddable":true,"href":"https:\/\/amblavana.esteri.it\/it\/wp-json\/wp\/v2\/tags?post=1696"}],"curies":[{"name":"wp","href":"https:\/\/api.w.org\/{rel}","templated":true}]}}