{"id":1684,"date":"2008-11-13T14:27:47","date_gmt":"2008-11-13T18:27:47","guid":{"rendered":"https:\/\/amblavana.esteri.it\/news\/dall_ambasciata\/2008\/11\/news13112008\/"},"modified":"2008-11-13T14:27:47","modified_gmt":"2008-11-13T18:27:47","slug":"news13112008","status":"publish","type":"post","link":"https:\/\/amblavana.esteri.it\/it\/news\/dall_ambasciata\/2008\/11\/news13112008\/","title":{"rendered":"XVII Settimana\u00a0della Cultura Italiana\u00a0a Cuba (6)"},"content":{"rendered":"<p><P class=\"x_MsoNormal\"><SPAN style=\"FONT-SIZE: 12pt; FONT-FAMILY: Arial\">La penultima giornata si \u00e8 aperta nelle splendide cornici delle vie e delle piazze del centro storico con la spettacolare esibizione del gruppo degli sbandieratori di Faenza, che hanno deliziato turisti e residenti locali con la loro maestria. <BR>Al Teatro de la Orden Tercera, sito nel complesso della Basilica Minore di San Francesco d\u2019Assisi \u00e8 stato allestito un divertente e delizioso spettacolo per bambini, \u201cA la rueda rueda con Polichinela\u201d (\u201cIl girotondo di Pulcinella\u201d, titolo ispirato ad una famosa filastrocca locale) del Maestro Bruno Leone e con la partecipazione del gruppo teatrale \u201cLa Colmenita\u201d. La particolarit\u00e0 di questo spettacolo \u00e8 stata nella sua natura di laboratorio in cui i bambini cubani della Colmenita hanno messo in pratica, a coppie e in scena, gli insegnamenti del \u201cPulcinella\u201d del Maestro Leone in modo che il \u201cPulcinella\u201d cubano possa continuare, grazie ai bravissimi artisti \u201ctitiriteros\u201d (burattinai) cubani Kenia Rodriguez e Victor Ariosa a mantenere vivo il legame tra Italia e Cuba.<BR>Nel pomeriggio si \u00e8 quindi svolta la premiazione del torneo di tennis su carrozzina \u201cCoppa Cuba\u201d realizzato nell\u2019ambito del progetto \u201cLe ali cubane\u201d organizzato dalla ONG Volare. L\u2019Ambasciatore Carmine Robustelli, insieme ad altre personalit\u00e0 sportive cubane e italiane, ha consegnato le coppe e le medaglie ai vincitori delle diverse categorie e specialit\u00e0. Andr\u00e9s Montero Gallardo si \u00e8 imposto nel singolare maschile e si \u00e8 quindi guadagnato il diritto a partecipare, il prossimo anno, al Torneo internazionale di Torino \u201cTrofeo della Mole\u201d. Andr\u00e9s sar\u00e0 il primo atleta cubano a partecipare a un simile torneo internazionale al di fuori di Cuba.<BR>Intenso momento musicale della Settimana \u00e8 stato il concerto \u201cHola, Claudio\u201d dedicato ad Abbado e tenutosi presso il Teatro Mart\u00ed. Suddiviso in tre parti, questo omaggio sotto la direzione artistica del maestro Roberto Chorens, ha visto succedersi sul palco numerosi interpreti di alto livello: nella prima parte, alcuni giovani talenti lirici cubani che hanno eseguito brani del repertorio internazionale, con l\u2019Orchestra Sinfonica Nazionale (OSN) di Cuba guidata dal nostro direttore d\u2019orchestra Walter Themel; nelle successive due parti, l\u2019OSN e il suo direttore stabile, Enrique P\u00e9rez Mesa, hanno accompagnato il violinista Lucio Degani e il pianista Frank Fern\u00e1ndez in intense e appassionate interpretazioni di un concerto di Locatelli e di uno di Mozart. <BR><\/SPAN><\/P><P class=\"x_MsoNormal\"><FONT size=\"3\" face=\"Arial\"><SPAN style=\"FONT-SIZE: 12pt; FONT-FAMILY: Arial\"><IMG border=\"0\" alt=\"sbandieratori\" src=\"\/resource\/2014\/12\/84264_f_amb61DSC0252SbandieratoriePlazadeArmas.jpg\"><BR><BR><BR><IMG border=\"0\" alt=\"ambasciatore\" src=\"\/resource\/2014\/12\/84265_f_amb61DSC0518AmbeRodolfoDalPaneealcunisbandieratori.jpg\"><\/SPAN><\/FONT><\/P><br \/>\n<P class=\"x_MsoNormal\"><FONT size=\"3\" face=\"Arial\"><SPAN style=\"FONT-SIZE: 12pt; FONT-FAMILY: Arial\"><BR><IMG border=\"0\" alt=\"fernandez\" src=\"\/resource\/2014\/12\/84266_f_amb61DSC_0389MaestroFrankFernandezeconcertoHolaClaudio.jpg\"><\/SPAN><\/FONT><\/P><br \/>\n<P class=\"x_MsoNormal\"><FONT size=\"3\" face=\"Arial\"><SPAN style=\"FONT-SIZE: 12pt; FONT-FAMILY: Arial\"><BR><IMG border=\"0\" alt=\"degani\" src=\"\/resource\/2014\/12\/84267_f_amb61DSC_0255MaestroDeganieconcertoHolaClaudio.jpg\"><\/SPAN><\/FONT><\/P><br \/>\n<P class=\"x_MsoNormal\"><FONT size=\"3\" face=\"Arial\"><SPAN style=\"FONT-SIZE: 12pt; FONT-FAMILY: Arial\"><BR><IMG border=\"0\" alt=\"leone   e colmenita\" src=\"\/resource\/2014\/12\/84268_f_amb61DSC_0555MaestroLeoneeColmenita.jpg\"><\/P><\/SPAN><\/FONT><\/p>\n","protected":false},"excerpt":{"rendered":"La penultima giornata si \u00e8 aperta nelle splendide cornici delle vie e delle piazze del centro storico con la spettacolare esibizione del gruppo degli sbandieratori di Faenza, che hanno deliziato turisti e residenti locali con la loro maestria. Al Teatro de la Orden Tercera, sito nel complesso della Basilica Minore di San Francesco d\u2019Assisi \u00e8 [&hellip;]","protected":false},"author":1,"featured_media":0,"comment_status":"","ping_status":"","sticky":false,"template":"","format":"standard","meta":{"footnotes":""},"tags":[],"class_list":["post-1684","post","type-post","status-publish","format-standard","hentry"],"_links":{"self":[{"href":"https:\/\/amblavana.esteri.it\/it\/wp-json\/wp\/v2\/posts\/1684","targetHints":{"allow":["GET"]}}],"collection":[{"href":"https:\/\/amblavana.esteri.it\/it\/wp-json\/wp\/v2\/posts"}],"about":[{"href":"https:\/\/amblavana.esteri.it\/it\/wp-json\/wp\/v2\/types\/post"}],"author":[{"embeddable":true,"href":"https:\/\/amblavana.esteri.it\/it\/wp-json\/wp\/v2\/users\/1"}],"replies":[{"embeddable":true,"href":"https:\/\/amblavana.esteri.it\/it\/wp-json\/wp\/v2\/comments?post=1684"}],"version-history":[{"count":0,"href":"https:\/\/amblavana.esteri.it\/it\/wp-json\/wp\/v2\/posts\/1684\/revisions"}],"wp:attachment":[{"href":"https:\/\/amblavana.esteri.it\/it\/wp-json\/wp\/v2\/media?parent=1684"}],"wp:term":[{"taxonomy":"post_tag","embeddable":true,"href":"https:\/\/amblavana.esteri.it\/it\/wp-json\/wp\/v2\/tags?post=1684"}],"curies":[{"name":"wp","href":"https:\/\/api.w.org\/{rel}","templated":true}]}}