{"id":1657,"date":"2009-06-09T13:34:37","date_gmt":"2009-06-09T17:34:37","guid":{"rendered":"https:\/\/amblavana.esteri.it\/news\/dall_ambasciata\/2009\/06\/news09062009\/"},"modified":"2009-06-09T13:34:37","modified_gmt":"2009-06-09T17:34:37","slug":"news09062009","status":"publish","type":"post","link":"https:\/\/amblavana.esteri.it\/it\/news\/dall_ambasciata\/2009\/06\/news09062009\/","title":{"rendered":"XVII Settimana della Cultura Italiana a Cuba (7)"},"content":{"rendered":"<p><SPAN style=\"FONT-FAMILY: Barmeno-Medium; mso-bidi-font-family: Barmeno-Medium; mso-ansi-language: IT\"><SPAN><br \/>\n<P align=\"justify\">La giornata conclusiva della Settimana della Cultura Italiana a Cuba si \u00e8 svolta essenzialmente alla \u201cCasa Garibaldi\u201d con una tavola rotonda per celebrare il 20\u00b0 anniversario della Societ\u00e0 Dante Alighieri a Cuba e la successiva presentazione, a cura di Ernesto Marziota, del libro \u201cCuentos de camino\u201d di Pablo Andr\u00e9s Pitaluga Pitaluga e Miguel Angel Di\u00e1z Catal\u00e1, per poi proseguire con l\u2019inaugurazione della tradizionale esposizione dedicata al tema \u201cEmigranti e famiglie di origine italiana a Cuba\u201d. <BR>Nel tardo pomeriggio, presso il Caf\u00e9 Bohemia, il Professore e scrittore Alessandro Zarlatti e Dalia Garcia dell\u2019Accademia Leonardo da Vinci hanno organizzato un evento correlato al tema dell\u2019inclusione sociale dei diversamente abili, con la proiezione del film documentario \u201cMatti da slegare\u201d (1975) di Silvano Agosti e Marco Bellocchio che tratta il tema dell\u2019istituzione manicomiale basandosi sulle teorie di Franco Basaglia che, nel 1978, sfoceranno nella legge che porta il suo nome. Al termine della proiezione, un breve dibattito fra Zarlatti e Gioia Minuti, giornalista di Granma Internazionale. Da notare, due significativi momenti coreutici della bravissima Alina Ramirez, ballerina della compagnia Teatro Retazos, all\u2019inizio e alla fine del film.<BR><BR><IMG border=\"0\" alt=\"ambasciatore\" src=\"\/resource\/2014\/12\/84269_f_amb61_DSC5008AmbemesaredondaanniversarioDanteAlighieri.jpg\"><\/P><br \/>\n<P align=\"justify\">\u00a0<\/P><\/SPAN><\/SPAN><\/p>\n","protected":false},"excerpt":{"rendered":"La giornata conclusiva della Settimana della Cultura Italiana a Cuba si \u00e8 svolta essenzialmente alla \u201cCasa Garibaldi\u201d con una tavola rotonda per celebrare il 20\u00b0 anniversario della Societ\u00e0 Dante Alighieri a Cuba e la successiva presentazione, a cura di Ernesto Marziota, del libro \u201cCuentos de camino\u201d di Pablo Andr\u00e9s Pitaluga Pitaluga e Miguel Angel Di\u00e1z [&hellip;]","protected":false},"author":1,"featured_media":0,"comment_status":"","ping_status":"","sticky":false,"template":"","format":"standard","meta":{"footnotes":""},"tags":[],"class_list":["post-1657","post","type-post","status-publish","format-standard","hentry"],"_links":{"self":[{"href":"https:\/\/amblavana.esteri.it\/it\/wp-json\/wp\/v2\/posts\/1657","targetHints":{"allow":["GET"]}}],"collection":[{"href":"https:\/\/amblavana.esteri.it\/it\/wp-json\/wp\/v2\/posts"}],"about":[{"href":"https:\/\/amblavana.esteri.it\/it\/wp-json\/wp\/v2\/types\/post"}],"author":[{"embeddable":true,"href":"https:\/\/amblavana.esteri.it\/it\/wp-json\/wp\/v2\/users\/1"}],"replies":[{"embeddable":true,"href":"https:\/\/amblavana.esteri.it\/it\/wp-json\/wp\/v2\/comments?post=1657"}],"version-history":[{"count":0,"href":"https:\/\/amblavana.esteri.it\/it\/wp-json\/wp\/v2\/posts\/1657\/revisions"}],"wp:attachment":[{"href":"https:\/\/amblavana.esteri.it\/it\/wp-json\/wp\/v2\/media?parent=1657"}],"wp:term":[{"taxonomy":"post_tag","embeddable":true,"href":"https:\/\/amblavana.esteri.it\/it\/wp-json\/wp\/v2\/tags?post=1657"}],"curies":[{"name":"wp","href":"https:\/\/api.w.org\/{rel}","templated":true}]}}