{"id":1569,"date":"2011-05-19T13:24:48","date_gmt":"2011-05-19T17:24:48","guid":{"rendered":"https:\/\/amblavana.esteri.it\/news\/dall_ambasciata\/2011\/05\/news19052011\/"},"modified":"2011-05-19T13:24:48","modified_gmt":"2011-05-19T17:24:48","slug":"news19052011","status":"publish","type":"post","link":"https:\/\/amblavana.esteri.it\/it\/news\/dall_ambasciata\/2011\/05\/news19052011\/","title":{"rendered":"Visita dell&#8217;Ambasciatore Robustelli ad Holgu\u00edn (1)"},"content":{"rendered":"<p><P>L&#8217;8 e 9 ottobre l&#8217;Ambasciatore Robustelli si \u00e8 recato in visita nella Provincia di Holgu\u00edn, in occasione dello svolgimento di un concerto in omaggio al bicentenario della nascita di Giuseppe Verdi. L&#8217;Ambasciatore Robustelli \u00e8 stato ricevuto in un cordiale colloquio dalla Presidente dell&#8217;Assemblea del Poder Popular della Provincia Susel del Carmen Tellez Tamayo ed ha visitato alcuni punti di interesse della citt\u00e0 di Holgu\u00edn. Ha poi tenuto un incontro con connazionali e discendenti di italiani presso la locale Sede dell&#8217;UNEAC. Si \u00e8 anche recato nella vicina localit\u00e0 di Gibara, che vanta un caratteristico centro storico con vestigia coloniali, dove ha incontrato il Presidente dell&#8217;Assemblea Municipale Jos\u00e9 Ernesto Mayo Saldivar.<\/P><P><BR><IMG border=\"0\" alt=\"1-1\" src=\"\/resource\/2013\/10\/70934_f_amb6111.JPG\"><\/P><br \/>\n<P><BR><IMG border=\"0\" alt=\"1-2\" src=\"\/resource\/2013\/10\/70935_f_amb6112.jpg\"><\/P><br \/>\n<P><BR><IMG border=\"0\" alt=\"1-3\" src=\"\/resource\/2013\/10\/70936_f_amb6113.jpg\"><\/P><\/p>\n","protected":false},"excerpt":{"rendered":"L&#8217;8 e 9 ottobre l&#8217;Ambasciatore Robustelli si \u00e8 recato in visita nella Provincia di Holgu\u00edn, in occasione dello svolgimento di un concerto in omaggio al bicentenario della nascita di Giuseppe Verdi. L&#8217;Ambasciatore Robustelli \u00e8 stato ricevuto in un cordiale colloquio dalla Presidente dell&#8217;Assemblea del Poder Popular della Provincia Susel del Carmen Tellez Tamayo ed ha [&hellip;]","protected":false},"author":1,"featured_media":0,"comment_status":"","ping_status":"","sticky":false,"template":"","format":"standard","meta":{"footnotes":""},"tags":[],"class_list":["post-1569","post","type-post","status-publish","format-standard","hentry"],"_links":{"self":[{"href":"https:\/\/amblavana.esteri.it\/it\/wp-json\/wp\/v2\/posts\/1569","targetHints":{"allow":["GET"]}}],"collection":[{"href":"https:\/\/amblavana.esteri.it\/it\/wp-json\/wp\/v2\/posts"}],"about":[{"href":"https:\/\/amblavana.esteri.it\/it\/wp-json\/wp\/v2\/types\/post"}],"author":[{"embeddable":true,"href":"https:\/\/amblavana.esteri.it\/it\/wp-json\/wp\/v2\/users\/1"}],"replies":[{"embeddable":true,"href":"https:\/\/amblavana.esteri.it\/it\/wp-json\/wp\/v2\/comments?post=1569"}],"version-history":[{"count":0,"href":"https:\/\/amblavana.esteri.it\/it\/wp-json\/wp\/v2\/posts\/1569\/revisions"}],"wp:attachment":[{"href":"https:\/\/amblavana.esteri.it\/it\/wp-json\/wp\/v2\/media?parent=1569"}],"wp:term":[{"taxonomy":"post_tag","embeddable":true,"href":"https:\/\/amblavana.esteri.it\/it\/wp-json\/wp\/v2\/tags?post=1569"}],"curies":[{"name":"wp","href":"https:\/\/api.w.org\/{rel}","templated":true}]}}