{"id":1563,"date":"2011-06-09T14:50:29","date_gmt":"2011-06-09T18:50:29","guid":{"rendered":"https:\/\/amblavana.esteri.it\/news\/dall_ambasciata\/2011\/06\/news03062011\/"},"modified":"2011-06-09T14:50:29","modified_gmt":"2011-06-09T18:50:29","slug":"news03062011","status":"publish","type":"post","link":"https:\/\/amblavana.esteri.it\/it\/news\/dall_ambasciata\/2011\/06\/news03062011\/","title":{"rendered":"Visita dell&#8217;Ambasciatore Robustelli ad Holgu\u00edn (2)"},"content":{"rendered":"<p><P><BR>Nel corso della sua visita ad Holgu\u00edn, l&#8217;Ambasciatore Robustelli ha assistito presso il Teatro Eddy Sunol ad un concerto in omaggio a Giuseppe Verdi in occasione del bicentenario della nascita. L&#8217;evento, organizzato con passione e competenza dal Teatro Lirico Rodrigo Prats e dall&#8217;Orchestra Sinfonica di Holgu\u00edn, ha riscosso un eccezionale successo di pubblico e di critica. Per l&#8217;occasione, l&#8217;orchestra \u00e8 stata diretta dal Maestro italiano Walter Themel, gi\u00e0 impegnato in attivit\u00e0 didattiche e concertistiche a Cuba.<BR><\/P><P><BR><IMG border=\"0\" alt=\"2-1\" src=\"\/resource\/2013\/10\/70940_f_amb6121.jpg\"><\/P><br \/>\n<P><BR><IMG border=\"0\" alt=\"2-2\" src=\"\/resource\/2013\/10\/70941_f_amb6122.jpg\"><\/P><br \/>\n<P><BR><IMG border=\"0\" alt=\"2-3\" src=\"\/resource\/2013\/10\/70942_f_amb6123.jpg\"><\/P><\/p>\n","protected":false},"excerpt":{"rendered":"Nel corso della sua visita ad Holgu\u00edn, l&#8217;Ambasciatore Robustelli ha assistito presso il Teatro Eddy Sunol ad un concerto in omaggio a Giuseppe Verdi in occasione del bicentenario della nascita. L&#8217;evento, organizzato con passione e competenza dal Teatro Lirico Rodrigo Prats e dall&#8217;Orchestra Sinfonica di Holgu\u00edn, ha riscosso un eccezionale successo di pubblico e di [&hellip;]","protected":false},"author":1,"featured_media":0,"comment_status":"","ping_status":"","sticky":false,"template":"","format":"standard","meta":{"footnotes":""},"tags":[],"class_list":["post-1563","post","type-post","status-publish","format-standard","hentry"],"_links":{"self":[{"href":"https:\/\/amblavana.esteri.it\/it\/wp-json\/wp\/v2\/posts\/1563","targetHints":{"allow":["GET"]}}],"collection":[{"href":"https:\/\/amblavana.esteri.it\/it\/wp-json\/wp\/v2\/posts"}],"about":[{"href":"https:\/\/amblavana.esteri.it\/it\/wp-json\/wp\/v2\/types\/post"}],"author":[{"embeddable":true,"href":"https:\/\/amblavana.esteri.it\/it\/wp-json\/wp\/v2\/users\/1"}],"replies":[{"embeddable":true,"href":"https:\/\/amblavana.esteri.it\/it\/wp-json\/wp\/v2\/comments?post=1563"}],"version-history":[{"count":0,"href":"https:\/\/amblavana.esteri.it\/it\/wp-json\/wp\/v2\/posts\/1563\/revisions"}],"wp:attachment":[{"href":"https:\/\/amblavana.esteri.it\/it\/wp-json\/wp\/v2\/media?parent=1563"}],"wp:term":[{"taxonomy":"post_tag","embeddable":true,"href":"https:\/\/amblavana.esteri.it\/it\/wp-json\/wp\/v2\/tags?post=1563"}],"curies":[{"name":"wp","href":"https:\/\/api.w.org\/{rel}","templated":true}]}}