{"id":1519,"date":"2012-12-20T15:45:16","date_gmt":"2012-12-20T19:45:16","guid":{"rendered":"https:\/\/amblavana.esteri.it\/news\/dall_ambasciata\/2012\/12\/avviso-ufficio-visti\/"},"modified":"2012-12-20T15:45:16","modified_gmt":"2012-12-20T19:45:16","slug":"avviso-ufficio-visti","status":"publish","type":"post","link":"https:\/\/amblavana.esteri.it\/it\/news\/dall_ambasciata\/2012\/12\/avviso-ufficio-visti\/","title":{"rendered":"EXPO Milano 2015 \u2013 Partecipazione di Cuba."},"content":{"rendered":"<p><P>Il 18 luglio scorso ha avuto luogo a L\u2019Avana un incontro di presentazione della partecipazione cubana a Expo Milano. Cuba, che vanta una lunga storia di partecipazione alle Esposizioni Universali, sar\u00e0 presente anche alla prossima edizione del 2015 a Milano. <BR>Il Padiglione cubano verr\u00e0 allestito nel cluster Cacao e disporr\u00e0 di uno spazio di 250 mq. L\u2019evento di presentazione si \u00e8 svolto presso la sede della Camera di Commercio di Cuba, ente curatore dell\u2019organizzazione del padiglione cubano che, nel contesto dell\u2019argomento generale della manifestazione \u201cAlimentare il pianeta, energia per la vita\u201d, sar\u00e0 focalizzato sul tema \u201cCuba, camino hacia la soberan\u00eda alimentaria\u201d. <BR>Oltre all\u2019Ambasciatore Robustelli ed a rappresentanti della stampa locale, sono intervenuti il Presidente della Camera di Commercio, Orlando Hern\u00e1ndez Guill\u00e9n ed il Direttore di Padova Promex Franco Conzato.<BR>A conclusione, \u00e8 stato diffuso <A href=\"\/resource\/2014\/08\/80532_f_amb61ExpoNotadePrensa.pdf\">allegato comunicato stampa.<\/A>. <BR><BR><IMG border=\"0\" alt=\"expo cuba\" src=\"\/resource\/2014\/08\/80531_f_amb61expocuba.jpg\"><BR><\/P><\/p>\n","protected":false},"excerpt":{"rendered":"Il 18 luglio scorso ha avuto luogo a L\u2019Avana un incontro di presentazione della partecipazione cubana a Expo Milano. Cuba, che vanta una lunga storia di partecipazione alle Esposizioni Universali, sar\u00e0 presente anche alla prossima edizione del 2015 a Milano. Il Padiglione cubano verr\u00e0 allestito nel cluster Cacao e disporr\u00e0 di uno spazio di 250 [&hellip;]","protected":false},"author":1,"featured_media":0,"comment_status":"","ping_status":"","sticky":false,"template":"","format":"standard","meta":{"footnotes":""},"tags":[],"class_list":["post-1519","post","type-post","status-publish","format-standard","hentry"],"_links":{"self":[{"href":"https:\/\/amblavana.esteri.it\/it\/wp-json\/wp\/v2\/posts\/1519","targetHints":{"allow":["GET"]}}],"collection":[{"href":"https:\/\/amblavana.esteri.it\/it\/wp-json\/wp\/v2\/posts"}],"about":[{"href":"https:\/\/amblavana.esteri.it\/it\/wp-json\/wp\/v2\/types\/post"}],"author":[{"embeddable":true,"href":"https:\/\/amblavana.esteri.it\/it\/wp-json\/wp\/v2\/users\/1"}],"replies":[{"embeddable":true,"href":"https:\/\/amblavana.esteri.it\/it\/wp-json\/wp\/v2\/comments?post=1519"}],"version-history":[{"count":0,"href":"https:\/\/amblavana.esteri.it\/it\/wp-json\/wp\/v2\/posts\/1519\/revisions"}],"wp:attachment":[{"href":"https:\/\/amblavana.esteri.it\/it\/wp-json\/wp\/v2\/media?parent=1519"}],"wp:term":[{"taxonomy":"post_tag","embeddable":true,"href":"https:\/\/amblavana.esteri.it\/it\/wp-json\/wp\/v2\/tags?post=1519"}],"curies":[{"name":"wp","href":"https:\/\/api.w.org\/{rel}","templated":true}]}}