{"id":1513,"date":"2012-12-28T18:35:19","date_gmt":"2012-12-28T22:35:19","guid":{"rendered":"https:\/\/amblavana.esteri.it\/news\/dall_ambasciata\/2012\/12\/elezioni-politiche-2013\/"},"modified":"2012-12-28T18:35:19","modified_gmt":"2012-12-28T22:35:19","slug":"elezioni-politiche-2013","status":"publish","type":"post","link":"https:\/\/amblavana.esteri.it\/it\/news\/dall_ambasciata\/2012\/12\/elezioni-politiche-2013\/","title":{"rendered":"Comunit\u00e0 di Sant&#8217;Egidio &#8211; Preghiera per la Pace"},"content":{"rendered":"<p><SPAN style='FONT-SIZE: 11pt; FONT-FAMILY: \"Courier New\"'><?xml:namespace prefix = \"o\" ns = \"urn:schemas-microsoft-com:office:office\" \/><o:p><FONT color=\"#222222\" face=\"Verdana\"><P class=\"MsoNormal\" style=\"TEXT-ALIGN: justify; MARGIN: 0cm 0cm 0pt; mso-layout-grid-align: none\">In occasione della nota manifestazione annuale di carattere mondiale, \u201cPreghiera per la Pace\u201d, tenuta quest&#8217;anno ad Anversa in Belgio in connessione con la ricorrenza del centenario dell\u2019inizio della Prima Guerra Mondiale, la Comunit\u00e0 di Sant&#8217;Egidio de L&#8217;Avana ha organizzato un incontro interreligioso dedicato alla pace nel mondo, al fine di trasmettere il messaggio delle comunit\u00e0 religiose attive nel paese.<\/P><br \/>\n<P class=\"MsoNormal\" style=\"TEXT-ALIGN: justify; MARGIN: 0cm 0cm 0pt; mso-layout-grid-align: none\">L&#8217;evento si \u00e8 tenuto nella piazza di Bel\u00e8n, nel centro storico de L&#8217;Avana, dove \u00e8 ubicata la sede stessa della Comunit\u00e0 di Sant\u2019Egidio, presente e attiva a Cuba sin dal 1992. A conclusione della manifestazione un gruppo di bambini ha distribuito ad autorit\u00e0 cubane e diplomatiche presenti il messaggio di pace elaborato dai rappresentanti delle diverse confessioni religiose.<\/P><br \/>\n<P class=\"MsoNormal\" style=\"TEXT-ALIGN: justify; MARGIN: 0cm 0cm 0pt; mso-layout-grid-align: none\">L&#8217;Ambasciatore Robustelli, presente alla manifestazione assieme a vari colleghi di altri Paesi, \u00e8 nel pomeriggio intervenuto ad un seminario organizzato dalla Comunit\u00e0 di Sant&#8217;Egidio dal titolo &#8220;La Pace \u00e8 il futuro&#8221;.<\/P><br \/>\n<P class=\"MsoNormal\" style=\"TEXT-ALIGN: justify; MARGIN: 0cm 0cm 0pt; mso-layout-grid-align: none\">\u00a0<\/P><br \/>\n<P class=\"MsoNormal\" style=\"TEXT-ALIGN: justify; MARGIN: 0cm 0cm 0pt; mso-layout-grid-align: none\"><IMG border=\"0\" alt=\"locandina sant egidio\" src=\"\/resource\/2014\/09\/81518_f_amb61carteloracionxlapaz3.jpg\"><\/FONT><\/o:p><\/SPAN><\/P><\/p>\n","protected":false},"excerpt":{"rendered":"In occasione della nota manifestazione annuale di carattere mondiale, \u201cPreghiera per la Pace\u201d, tenuta quest&#8217;anno ad Anversa in Belgio in connessione con la ricorrenza del centenario dell\u2019inizio della Prima Guerra Mondiale, la Comunit\u00e0 di Sant&#8217;Egidio de L&#8217;Avana ha organizzato un incontro interreligioso dedicato alla pace nel mondo, al fine di trasmettere il messaggio delle comunit\u00e0 [&hellip;]","protected":false},"author":1,"featured_media":0,"comment_status":"","ping_status":"","sticky":false,"template":"","format":"standard","meta":{"footnotes":""},"tags":[],"class_list":["post-1513","post","type-post","status-publish","format-standard","hentry"],"_links":{"self":[{"href":"https:\/\/amblavana.esteri.it\/it\/wp-json\/wp\/v2\/posts\/1513","targetHints":{"allow":["GET"]}}],"collection":[{"href":"https:\/\/amblavana.esteri.it\/it\/wp-json\/wp\/v2\/posts"}],"about":[{"href":"https:\/\/amblavana.esteri.it\/it\/wp-json\/wp\/v2\/types\/post"}],"author":[{"embeddable":true,"href":"https:\/\/amblavana.esteri.it\/it\/wp-json\/wp\/v2\/users\/1"}],"replies":[{"embeddable":true,"href":"https:\/\/amblavana.esteri.it\/it\/wp-json\/wp\/v2\/comments?post=1513"}],"version-history":[{"count":0,"href":"https:\/\/amblavana.esteri.it\/it\/wp-json\/wp\/v2\/posts\/1513\/revisions"}],"wp:attachment":[{"href":"https:\/\/amblavana.esteri.it\/it\/wp-json\/wp\/v2\/media?parent=1513"}],"wp:term":[{"taxonomy":"post_tag","embeddable":true,"href":"https:\/\/amblavana.esteri.it\/it\/wp-json\/wp\/v2\/tags?post=1513"}],"curies":[{"name":"wp","href":"https:\/\/api.w.org\/{rel}","templated":true}]}}