{"id":1300,"date":"2018-02-13T21:31:36","date_gmt":"2018-02-14T01:31:36","guid":{"rendered":"https:\/\/amblavana.esteri.it\/news\/dall_ambasciata\/2018\/02\/italia-e-undp-per-il-decentramento\/"},"modified":"2018-02-13T21:31:36","modified_gmt":"2018-02-14T01:31:36","slug":"italia-e-undp-per-il-decentramento","status":"publish","type":"post","link":"https:\/\/amblavana.esteri.it\/it\/news\/dall_ambasciata\/2018\/02\/italia-e-undp-per-il-decentramento\/","title":{"rendered":"ITALIA e UNDP per il decentramento territoriale a Cuba."},"content":{"rendered":"<p>Si \u00e8 svolta il 13 febbraio 2018 la firma dell\u2019Accordo di finanziamento con cui il Governo italiano ha reiterato\u00a0il suo impegno per il decentramento territoriale ed amministrativo a Cuba, attraverso la partecipazione alla Piattaforma Articolata per lo Sviluppo<br \/>Integrale del Territorio (PADIT), Programma gestito da UNDP e dal Governo cubano che ha per cruciali obiettivi il decentramento politico amministrativo e l\u2019aggiornamento del sistema economico e sociale del Paese.<\/p>\n<p>A seguito della finalizzazione dell\u2019Accordo, firmato presso la Residenza d\u2019Italia dall\u2019Ambasciatore Andrea Ferrari e dalla Rappresentante Paese UNDP Consuelo Vidal, il Governo italiano contribuir\u00e0 con Euro 1.800.000 alle attivit\u00e0 del PADIT, appoggiando numerosi nuovi municipi del Paese nella definizione autonoma delle loro prime attivit\u00e0 di sviluppo socio-economico sostenibile.<\/p>\n<p>Tenuto conto della rilevanza che l\u2019iniziativa ha assunto per Cuba, dell\u2019azione di leadership di UNDP e della priorit\u00e0 che il Governo cubano ha dimostrato di annettere all\u2019iniziativa, l&#8217;Italia ha deciso di reiterare la sua partecipazione al programma ampliando anche il proprio focus di intervento, che comprende ora \u2013 oltre alle 5 province orientali \u2013 anche le due\u00a0province di La Habana e Sancti<br \/>Spiritus.<\/p>\n<p>Il nuovo impegno italiano in favore del PADIT arriva ad un\u00a0anno dalla firma del primo Accordo di finanziamento al Programma, quando il Governo italiano aveva avviato la collaborazione con UNDP in materia di decentramento amministrativo e territoriale con un primo contributo di Euro 600.000, e conferma la natura di Paese prioritario attribuita a Cuba dalla Cooperazione italiana.<\/p>\n<p>\u00a0<\/p>\n<p><a href=\"http:\/\/www.cu.undp.org\/content\/cuba\/es\/home\/presscenter\/articles\/2018\/02\/13\/la-cooperaci-n-italiana-fortalece-su-participaci-n-en-.html\">http:\/\/www.cu.undp.org\/content\/cuba\/es\/home\/presscenter\/articles\/2018\/02\/13\/la-cooperaci-n-italiana-fortalece-su-participaci-n-en-.html<\/a><\/p>\n<p>\u00a0<\/p>\n<p>\u00a0<\/p>\n","protected":false},"excerpt":{"rendered":"Si \u00e8 svolta il 13 febbraio 2018 la firma dell\u2019Accordo di finanziamento con cui il Governo italiano ha reiterato\u00a0il suo impegno per il decentramento territoriale ed amministrativo a Cuba, attraverso la partecipazione alla Piattaforma Articolata per lo SviluppoIntegrale del Territorio (PADIT), Programma gestito da UNDP e dal Governo cubano che ha per cruciali obiettivi il [&hellip;]","protected":false},"author":1,"featured_media":0,"comment_status":"","ping_status":"","sticky":false,"template":"","format":"standard","meta":{"footnotes":""},"tags":[],"class_list":["post-1300","post","type-post","status-publish","format-standard","hentry"],"_links":{"self":[{"href":"https:\/\/amblavana.esteri.it\/it\/wp-json\/wp\/v2\/posts\/1300","targetHints":{"allow":["GET"]}}],"collection":[{"href":"https:\/\/amblavana.esteri.it\/it\/wp-json\/wp\/v2\/posts"}],"about":[{"href":"https:\/\/amblavana.esteri.it\/it\/wp-json\/wp\/v2\/types\/post"}],"author":[{"embeddable":true,"href":"https:\/\/amblavana.esteri.it\/it\/wp-json\/wp\/v2\/users\/1"}],"replies":[{"embeddable":true,"href":"https:\/\/amblavana.esteri.it\/it\/wp-json\/wp\/v2\/comments?post=1300"}],"version-history":[{"count":0,"href":"https:\/\/amblavana.esteri.it\/it\/wp-json\/wp\/v2\/posts\/1300\/revisions"}],"wp:attachment":[{"href":"https:\/\/amblavana.esteri.it\/it\/wp-json\/wp\/v2\/media?parent=1300"}],"wp:term":[{"taxonomy":"post_tag","embeddable":true,"href":"https:\/\/amblavana.esteri.it\/it\/wp-json\/wp\/v2\/tags?post=1300"}],"curies":[{"name":"wp","href":"https:\/\/api.w.org\/{rel}","templated":true}]}}