{"id":1183,"date":"2019-08-24T00:18:54","date_gmt":"2019-08-24T04:18:54","guid":{"rendered":"https:\/\/amblavana.esteri.it\/news\/dall_ambasciata\/2019\/08\/avviso-all-utenza-ripristino-del\/"},"modified":"2019-08-24T00:18:54","modified_gmt":"2019-08-24T04:18:54","slug":"avviso-all-utenza-ripristino-del","status":"publish","type":"post","link":"https:\/\/amblavana.esteri.it\/it\/news\/dall_ambasciata\/2019\/08\/avviso-all-utenza-ripristino-del\/","title":{"rendered":"AVVISO ALL\u2019UTENZA &#8211; Ripristino del servizio visti a partire da luned\u00ec 26 agosto"},"content":{"rendered":"<p>I problemi tecnici che hanno temporaneamente impedito l&#8217;apertura di nuove pratiche di visto sono stati risolti.<\/p>\n<p>Pertanto, a partire da luned\u00ec 26 agosto sar\u00e0 ripristinata la piena operativit\u00e0 del servizio visti.<\/p>\n","protected":false},"excerpt":{"rendered":"I problemi tecnici che hanno temporaneamente impedito l&#8217;apertura di nuove pratiche di visto sono stati risolti. Pertanto, a partire da luned\u00ec 26 agosto sar\u00e0 ripristinata la piena operativit\u00e0 del servizio visti.","protected":false},"author":1,"featured_media":0,"comment_status":"","ping_status":"","sticky":false,"template":"","format":"standard","meta":{"footnotes":""},"tags":[],"class_list":["post-1183","post","type-post","status-publish","format-standard","hentry"],"_links":{"self":[{"href":"https:\/\/amblavana.esteri.it\/it\/wp-json\/wp\/v2\/posts\/1183","targetHints":{"allow":["GET"]}}],"collection":[{"href":"https:\/\/amblavana.esteri.it\/it\/wp-json\/wp\/v2\/posts"}],"about":[{"href":"https:\/\/amblavana.esteri.it\/it\/wp-json\/wp\/v2\/types\/post"}],"author":[{"embeddable":true,"href":"https:\/\/amblavana.esteri.it\/it\/wp-json\/wp\/v2\/users\/1"}],"replies":[{"embeddable":true,"href":"https:\/\/amblavana.esteri.it\/it\/wp-json\/wp\/v2\/comments?post=1183"}],"version-history":[{"count":0,"href":"https:\/\/amblavana.esteri.it\/it\/wp-json\/wp\/v2\/posts\/1183\/revisions"}],"wp:attachment":[{"href":"https:\/\/amblavana.esteri.it\/it\/wp-json\/wp\/v2\/media?parent=1183"}],"wp:term":[{"taxonomy":"post_tag","embeddable":true,"href":"https:\/\/amblavana.esteri.it\/it\/wp-json\/wp\/v2\/tags?post=1183"}],"curies":[{"name":"wp","href":"https:\/\/api.w.org\/{rel}","templated":true}]}}