{"id":1166,"date":"2019-10-23T01:05:03","date_gmt":"2019-10-23T05:05:03","guid":{"rendered":"https:\/\/amblavana.esteri.it\/news\/dall_ambasciata\/2019\/10\/xxii-edicion-de-la-semana-de-la\/"},"modified":"2019-10-23T01:05:03","modified_gmt":"2019-10-23T05:05:03","slug":"xxii-edicion-de-la-semana-de-la","status":"publish","type":"post","link":"https:\/\/amblavana.esteri.it\/it\/news\/dall_ambasciata\/2019\/10\/xxii-edicion-de-la-semana-de-la\/","title":{"rendered":"XXII Edizione della Settimana della Cultura Italiana a Cuba &#8211; 2019"},"content":{"rendered":"<p>\u00a0Per contribuire in modo speciale ai festeggiamenti per i 500 anni dalla fondazione de L\u2019Avana, la XXII Edizione della Settimana della Cultura Italiana a Cuba durer\u00e0 \u2026 molto pi\u00f9 di sette giorni ! Dal 6 al 24 novembre 2019, proponiamo una serie di appuntamenti ed attivit\u00e0 che si riferiscono agli ambiti pi\u00f9 diversi, dalla musica classica al jazz, dalla canzone d\u2019autore all\u2019opera barocca, dalla fotografia al cinema, dalla poesia alla pittura, dal teatro alla danza. Quest\u2019edizione si aprir\u00e0 il 6 novembre con un concerto della eccezionale artista Carmen Consoli presso il Teatro America, dove si esibir\u00e0 assieme alla Camerata Romeu di Cuba,\u00a0e sar\u00e0 chiusa dai celebri toni della voce di Mario Biondi, accompagnato dal suo quintetto jazz nei due concerti presso il Teatro Mart\u00ec e la Fabrica de Arte Cubano, rispettivamente il 22 ed il 23 di novembre. Inoltre, per celebrare la coincidenza nell\u2019anno di due cinquecentenari davvero illustri &#8211; la fondazione della Capitale cubana e la scomparsa di Leonardo da Vinci &#8211; il 13 novembre verr\u00e0 inaugurata alla presenza del Sindaco della citt\u00e0 di Vinci, l\u2019esposizione \u201cil Genio di Leonardo\u201d, presso il Museo Castello di S. Domingo de Atar\u00e9s de L\u2019Avana.<\/p>\n","protected":false},"excerpt":{"rendered":"\u00a0Per contribuire in modo speciale ai festeggiamenti per i 500 anni dalla fondazione de L\u2019Avana, la XXII Edizione della Settimana della Cultura Italiana a Cuba durer\u00e0 \u2026 molto pi\u00f9 di sette giorni ! Dal 6 al 24 novembre 2019, proponiamo una serie di appuntamenti ed attivit\u00e0 che si riferiscono agli ambiti pi\u00f9 diversi, dalla musica [&hellip;]","protected":false},"author":1,"featured_media":0,"comment_status":"","ping_status":"","sticky":false,"template":"","format":"standard","meta":{"footnotes":""},"tags":[],"class_list":["post-1166","post","type-post","status-publish","format-standard","hentry"],"_links":{"self":[{"href":"https:\/\/amblavana.esteri.it\/it\/wp-json\/wp\/v2\/posts\/1166","targetHints":{"allow":["GET"]}}],"collection":[{"href":"https:\/\/amblavana.esteri.it\/it\/wp-json\/wp\/v2\/posts"}],"about":[{"href":"https:\/\/amblavana.esteri.it\/it\/wp-json\/wp\/v2\/types\/post"}],"author":[{"embeddable":true,"href":"https:\/\/amblavana.esteri.it\/it\/wp-json\/wp\/v2\/users\/1"}],"replies":[{"embeddable":true,"href":"https:\/\/amblavana.esteri.it\/it\/wp-json\/wp\/v2\/comments?post=1166"}],"version-history":[{"count":0,"href":"https:\/\/amblavana.esteri.it\/it\/wp-json\/wp\/v2\/posts\/1166\/revisions"}],"wp:attachment":[{"href":"https:\/\/amblavana.esteri.it\/it\/wp-json\/wp\/v2\/media?parent=1166"}],"wp:term":[{"taxonomy":"post_tag","embeddable":true,"href":"https:\/\/amblavana.esteri.it\/it\/wp-json\/wp\/v2\/tags?post=1166"}],"curies":[{"name":"wp","href":"https:\/\/api.w.org\/{rel}","templated":true}]}}