{"id":1118,"date":"2020-02-24T16:17:39","date_gmt":"2020-02-24T20:17:39","guid":{"rendered":"https:\/\/amblavana.esteri.it\/news\/dall_ambasciata\/2020\/02\/avviso-ai-connazionali-possibilita\/"},"modified":"2020-02-24T16:17:39","modified_gmt":"2020-02-24T20:17:39","slug":"avviso-ai-connazionali-possibilita","status":"publish","type":"post","link":"https:\/\/amblavana.esteri.it\/it\/news\/dall_ambasciata\/2020\/02\/avviso-ai-connazionali-possibilita\/","title":{"rendered":"AGGIORNAMENTO SU CORONAVIRUS: avviso ai connazionali in arrivo a Cuba"},"content":{"rendered":"<p>Pur a seguito dell&#8217;aumento dei casi di Coronavirus (COVID-19), si informano i connazionali in arrivo a Cuba che per il momento non sono previste variazioni del traffico aereo dall&#8217;Italia.<\/p>\n<p>Al fine di tutelare la salute pubblica, le Autorit\u00e0 cubane hanno predisposto un protocollo sanitario per i passeggeri provenienti dall&#8217;Italia.<\/p>\n<p>Al loro arrivo in aeroporto, i viaggiatori sono sottoposti a un controllo della temperatura corporea a distanza, mediante scanner di temperatura. Ulteriori informazioni sulle condizioni dei passeggeri in arrivo possono essere acquisite dalle Autorit\u00e0 aeroportuali mediante domande mirate o colloqui, nonch\u00e9 sulla base di dichiarazioni spontanee degli interessati.<\/p>\n<p>Qualora sia individuato anche solo uno dei sintomi tipici del COVID-19 (ad es. febbre, catarro o tosse), il passaggero verr\u00e0 trasferito direttamente in un centro specializzato per ulteriori accertamenti.<\/p>\n<p>Ove il viaggiatore non manifesti sintomi, potr\u00e0 accedere al territorio nazionale e proseguire secondo il proprio itinerario di viaggio.<\/p>\n<p>Una volta entrato a Cuba, senza aver dunque manifestato alcun sintomo fino al momento del controllo in frontiera, in caso di necessit\u00e0 il viaggiatore potr\u00e0 in qualunque momento far riferimento ad una struttura sanitaria competente. A tal fine, ciascuna struttura turistica \u00e8 dotata di un medico responsabile, mentre i connazionali residenti a Cuba potranno affidarsi al proprio medico di famiglia. Una serie di centri specializzati, diffusi su tutto il territorio nazionale, sono pronti ad affrontare eventuali casi di COVID-19.<\/p>\n<p>A L\u2019Avana, il centro specializzato competente \u00e8 l\u2019Instituto de Medicina Tropical \u201cPedro Kouri&#8221;, di cui si forniscono i contatti:<\/p>\n<p>&#8211; Indirizzo: Avenida Novia del Mediodia, km 6 y \u00bd, la Lisa, la Habana.<\/p>\n<p>&#8211; Referenti: Dott. Juan Carlos Millan (+5372553222); Dott. Daniel Gonzalez (+5372553224).<\/p>\n<p>A discrezione delle Autorit\u00e0 cubane, il viaggiatore proveniente dall\u2019Italia potr\u00e0 comunque essere sottoposto per due settimane a un regime non invasivo di vigilanza e controllo.<\/p>\n","protected":false},"excerpt":{"rendered":"Pur a seguito dell&#8217;aumento dei casi di Coronavirus (COVID-19), si informano i connazionali in arrivo a Cuba che per il momento non sono previste variazioni del traffico aereo dall&#8217;Italia. Al fine di tutelare la salute pubblica, le Autorit\u00e0 cubane hanno predisposto un protocollo sanitario per i passeggeri provenienti dall&#8217;Italia. Al loro arrivo in aeroporto, i [&hellip;]","protected":false},"author":1,"featured_media":0,"comment_status":"","ping_status":"","sticky":false,"template":"","format":"standard","meta":{"footnotes":""},"tags":[],"class_list":["post-1118","post","type-post","status-publish","format-standard","hentry"],"_links":{"self":[{"href":"https:\/\/amblavana.esteri.it\/it\/wp-json\/wp\/v2\/posts\/1118","targetHints":{"allow":["GET"]}}],"collection":[{"href":"https:\/\/amblavana.esteri.it\/it\/wp-json\/wp\/v2\/posts"}],"about":[{"href":"https:\/\/amblavana.esteri.it\/it\/wp-json\/wp\/v2\/types\/post"}],"author":[{"embeddable":true,"href":"https:\/\/amblavana.esteri.it\/it\/wp-json\/wp\/v2\/users\/1"}],"replies":[{"embeddable":true,"href":"https:\/\/amblavana.esteri.it\/it\/wp-json\/wp\/v2\/comments?post=1118"}],"version-history":[{"count":0,"href":"https:\/\/amblavana.esteri.it\/it\/wp-json\/wp\/v2\/posts\/1118\/revisions"}],"wp:attachment":[{"href":"https:\/\/amblavana.esteri.it\/it\/wp-json\/wp\/v2\/media?parent=1118"}],"wp:term":[{"taxonomy":"post_tag","embeddable":true,"href":"https:\/\/amblavana.esteri.it\/it\/wp-json\/wp\/v2\/tags?post=1118"}],"curies":[{"name":"wp","href":"https:\/\/api.w.org\/{rel}","templated":true}]}}