{"id":1091,"date":"2020-03-21T17:04:15","date_gmt":"2020-03-21T21:04:15","guid":{"rendered":"https:\/\/amblavana.esteri.it\/news\/dall_ambasciata\/2020\/03\/emergenza-covid-19-aggiornamento_1\/"},"modified":"2020-03-21T17:04:15","modified_gmt":"2020-03-21T21:04:15","slug":"emergenza-covid-19-aggiornamento_1","status":"publish","type":"post","link":"https:\/\/amblavana.esteri.it\/it\/news\/dall_ambasciata\/2020\/03\/emergenza-covid-19-aggiornamento_1\/","title":{"rendered":"EMERGENZA COVID-19: MISURE ANNUNCIATE DAL GOVERNO IN DATA 20\/03 DURANTE IL PROGRAMMA TELEVISIVO MESA REDONDA DELLE ORE 18:00"},"content":{"rendered":"<p>\u00a0<\/p>\n<p><span style=\"text-decoration: underline;\"><strong>DIFFUSIONE COVID-19 A CUBA.<\/strong><\/span><\/p>\n<p>Secondo questo Ministero della Salute, il cui bollettino quotidiano pu\u00f2 essere consultato al link in calce a questa pagina, <strong>i\u00a0casi di contagio attualmente confermati sono saliti a 21, mentre i casi sospetti in isolamento sono saliti a 716<\/strong>. I cinque nuovi casi di contagio riguardano quattro cittadini cubani ed una\u00a0cittadina belga.<\/p>\n<p><strong><span style=\"text-decoration: underline;\">MISURE ANNUNCIATE DAL GOVERNO CUBANO.<\/span><\/strong><\/p>\n<p>Da marted\u00ec 24 marzo, con validit\u00e0 di un mese (fino cio\u00e8 al 24 aprile, salvo possibilit\u00e0 di proroga):<\/p>\n<p>&#8211; <strong>le frontiere del Paese saranno aperte in entrata solo ai cittadini cubani di ritorno ed agli stranieri residenti a Cuba,<\/strong> i quali dovranno comunque sottoporsi ad un periodo di isolamento;<\/p>\n<p>&#8211;<strong> l\u2019uscita da Cuba sar\u00e0 comunque garantita, nel periodo di applicazione di tali misure, a tutti gli stranieri\/turisti ed ai cubani residenti all\u2019estero, nella misura della disponibilita&#8217; di voli per il rimpatrio;<\/strong><\/p>\n<p>&#8211; <strong>lo spazio aereo del Paese rester\u00e0 comunque aperto<\/strong> e verr\u00e0 garantita flessibilit\u00e0 per la cooperazione internazionale, gli scambi commerciali e gli approvvigionamenti, specificando che <strong>gli equipaggi dei voli cargo e delle navi commerciali non avranno tuttavia libert\u00e0 di movimento nel Paese ma dovranno rimanere in isolamento per il tempo di sosta a Cuba<\/strong>;<\/p>\n<p>&#8211;<strong> gli hotel non verranno chiusi<\/strong> anche se alcuni, in ragione del calo sensibile degli arrivi di turisti nelle ultime settimane e del suo prevedibile peggioramento nei giorni a venire, si adegueranno alla nuova situazione;<\/p>\n<p>&#8211; \u00e8 stata ribadita <strong>l\u2019importanza delle misure di distanziamento sociale<\/strong> e delle<strong> scelte individuali<\/strong> improntate ad un comportamento di responsabilit\u00e0 chiedendo alla popolazione l\u2019applicazione del medesimo principio di precauzione adottato dalle Autorit\u00e0.<\/p>\n<p>Il Governo ha annunciato una nuova diretta televisiva per luned\u00ec 23 marzo.<\/p>\n<p>Si\u00a0raccomanda ai connazionali di adottare con cautela e senso di responsabilit\u00e0 quei comportamenti individuali e quelle misure\u00a0di condotta sociale citati dal Governo\u00a0che possono, sin dalla fase attuale, contrastare efficacemente il contagio e in tal modo supportare l&#8217;azione delle Autorit\u00e0 mediche cubane (quali ad esempio:\u00a0mantenimento della distanza interpersonale; lavaggio frequente\u00a0delle mani; evitare luoghi\u00a0affollati). Si raccomanda inoltre di riportare tempestivamente alle Autorit\u00e0 sanitarie competenti eventuali malesseri (quali ad esempio: febbre,\u00a0mal di gola, tosse persistente).\u00a0\u00a0<\/p>\n<p>Per informazioni generali e aggiornamenti sull\u2019evoluzione dell\u2019epidemia a Cuba, si rinvia al sito del Ministerio de Salud P\u00fablica: <a href=\"https:\/\/salud.msp.gob.cu\/\">https:\/\/salud.msp.gob.cu\/<\/a><\/p>\n<p>\u00a0<\/p>\n","protected":false},"excerpt":{"rendered":"\u00a0 DIFFUSIONE COVID-19 A CUBA. Secondo questo Ministero della Salute, il cui bollettino quotidiano pu\u00f2 essere consultato al link in calce a questa pagina, i\u00a0casi di contagio attualmente confermati sono saliti a 21, mentre i casi sospetti in isolamento sono saliti a 716. I cinque nuovi casi di contagio riguardano quattro cittadini cubani ed una\u00a0cittadina [&hellip;]","protected":false},"author":1,"featured_media":0,"comment_status":"","ping_status":"","sticky":false,"template":"","format":"standard","meta":{"footnotes":""},"tags":[],"class_list":["post-1091","post","type-post","status-publish","format-standard","hentry"],"_links":{"self":[{"href":"https:\/\/amblavana.esteri.it\/it\/wp-json\/wp\/v2\/posts\/1091","targetHints":{"allow":["GET"]}}],"collection":[{"href":"https:\/\/amblavana.esteri.it\/it\/wp-json\/wp\/v2\/posts"}],"about":[{"href":"https:\/\/amblavana.esteri.it\/it\/wp-json\/wp\/v2\/types\/post"}],"author":[{"embeddable":true,"href":"https:\/\/amblavana.esteri.it\/it\/wp-json\/wp\/v2\/users\/1"}],"replies":[{"embeddable":true,"href":"https:\/\/amblavana.esteri.it\/it\/wp-json\/wp\/v2\/comments?post=1091"}],"version-history":[{"count":0,"href":"https:\/\/amblavana.esteri.it\/it\/wp-json\/wp\/v2\/posts\/1091\/revisions"}],"wp:attachment":[{"href":"https:\/\/amblavana.esteri.it\/it\/wp-json\/wp\/v2\/media?parent=1091"}],"wp:term":[{"taxonomy":"post_tag","embeddable":true,"href":"https:\/\/amblavana.esteri.it\/it\/wp-json\/wp\/v2\/tags?post=1091"}],"curies":[{"name":"wp","href":"https:\/\/api.w.org\/{rel}","templated":true}]}}