{"id":1048,"date":"2020-04-30T20:38:57","date_gmt":"2020-05-01T00:38:57","guid":{"rendered":"https:\/\/amblavana.esteri.it\/news\/dall_ambasciata\/2020\/04\/6-maggio-volo-charter-l-avana-cancun\/"},"modified":"2020-04-30T20:38:57","modified_gmt":"2020-05-01T00:38:57","slug":"6-maggio-volo-charter-l-avana-cancun","status":"publish","type":"post","link":"https:\/\/amblavana.esteri.it\/it\/news\/dall_ambasciata\/2020\/04\/6-maggio-volo-charter-l-avana-cancun\/","title":{"rendered":"6 MAGGIO: VOLO CHARTER L&#8217;Avana-Canc\u00fan-Citt\u00e0 del Messico operato da Viva Aerob\u00fas e Merely Tours"},"content":{"rendered":"<p>S&#8217;informano i connazionali tuttora presenti a Cuba a tiolo non permanente del volo charter <strong>HAV-CUN-MEX<\/strong> di Viva Aerobus e Merely Tours previsto per <strong>mercoled\u00ec 6 maggio alle ore 11:30 am<\/strong>. Dal Messico, \u00e8 possibile proseguire il viaggio verso l&#8217;Italia attraverso gli scali europei per cui i collegamenti aerei sono al momento ancora operativi.<\/p>\n<p>Per informazioni dettagliate sull&#8217;itinerario di viaggio, sul costo del biglietto aereo e sul trasferimento all&#8217;aeroporto Internazionale Jos\u00e9 Marti, si rivia al <strong><a href=\"http:\/\/amblavana.esteri.it\/Ambasciata_Lavana\/resource\/doc\/2020\/04\/comunicado_vlo_089_hav_cun_06_mayo_2020.pdf\">COMUNICATO DIRAMATO DAGLI ORGANIZZATORI DEL VOLO<\/a><\/strong>.<\/p>\n<p>Per ulteriori informazioni e per effettuare una prenotazione, \u00e8 inoltre possibile contattare la dott.ssa Natasha Hernandez, rappresentante di Merely Tours a Cuba, al numero di cellulare <strong>+53 5263-9229<\/strong> oppure, anche via WhatsApp, i seguenti numeri di cellulare messicani: +521 55-1363-7692; +521 55-1089-1570; +521 55-4354-9608.<\/p>\n","protected":false},"excerpt":{"rendered":"S&#8217;informano i connazionali tuttora presenti a Cuba a tiolo non permanente del volo charter HAV-CUN-MEX di Viva Aerobus e Merely Tours previsto per mercoled\u00ec 6 maggio alle ore 11:30 am. Dal Messico, \u00e8 possibile proseguire il viaggio verso l&#8217;Italia attraverso gli scali europei per cui i collegamenti aerei sono al momento ancora operativi. Per informazioni [&hellip;]","protected":false},"author":1,"featured_media":0,"comment_status":"","ping_status":"","sticky":false,"template":"","format":"standard","meta":{"footnotes":""},"tags":[],"class_list":["post-1048","post","type-post","status-publish","format-standard","hentry"],"_links":{"self":[{"href":"https:\/\/amblavana.esteri.it\/it\/wp-json\/wp\/v2\/posts\/1048","targetHints":{"allow":["GET"]}}],"collection":[{"href":"https:\/\/amblavana.esteri.it\/it\/wp-json\/wp\/v2\/posts"}],"about":[{"href":"https:\/\/amblavana.esteri.it\/it\/wp-json\/wp\/v2\/types\/post"}],"author":[{"embeddable":true,"href":"https:\/\/amblavana.esteri.it\/it\/wp-json\/wp\/v2\/users\/1"}],"replies":[{"embeddable":true,"href":"https:\/\/amblavana.esteri.it\/it\/wp-json\/wp\/v2\/comments?post=1048"}],"version-history":[{"count":0,"href":"https:\/\/amblavana.esteri.it\/it\/wp-json\/wp\/v2\/posts\/1048\/revisions"}],"wp:attachment":[{"href":"https:\/\/amblavana.esteri.it\/it\/wp-json\/wp\/v2\/media?parent=1048"}],"wp:term":[{"taxonomy":"post_tag","embeddable":true,"href":"https:\/\/amblavana.esteri.it\/it\/wp-json\/wp\/v2\/tags?post=1048"}],"curies":[{"name":"wp","href":"https:\/\/api.w.org\/{rel}","templated":true}]}}