{"id":1044,"date":"2020-05-12T00:01:50","date_gmt":"2020-05-12T04:01:50","guid":{"rendered":"https:\/\/amblavana.esteri.it\/news\/dall_ambasciata\/2020\/05\/emergenza-covid-19-volo-commerciale_0\/"},"modified":"2020-05-12T00:01:50","modified_gmt":"2020-05-12T04:01:50","slug":"emergenza-covid-19-volo-commerciale_0","status":"publish","type":"post","link":"https:\/\/amblavana.esteri.it\/it\/news\/dall_ambasciata\/2020\/05\/emergenza-covid-19-volo-commerciale_0\/","title":{"rendered":"EMERGENZA COVID-19: VOLO COMMERCIALE STRAORDINARIO BLUE PANORAMA 17 MAGGIO"},"content":{"rendered":"<p>La compagnia Blue Panorama ha programmato il volo commerciale straordinario BV8816, in partenza dall&#8217;aeroporto de L\u2019Avana \u201cJos\u00e9 Mart\u00ec\u201d domenica 17 maggio e diretto in Italia, con scali a Roma Fiumicino e Milano Malpensa (HAV- FCO-MXP).<\/p>\n<p>Per termini, condizioni ed orari si rinvia all\u2019ufficio Blue Panorama a L\u2019Avana, sito in Via 23 e Malecon, Vedado, La Habana , Edificio IACC.<\/p>\n<p>L\u2019ufficio Blue Panorama sar\u00e0 aperto da luned\u00ec 11 maggio a venerd\u00ec 15 maggio dalle ore 09:00 alle ore 17:00. \u00c8 inoltre possibile contattare il personale Blue Panorama negli stessi orari ai seguenti numeri di telefono: 78360213 e 78332248.<\/p>\n<p>Si raccomanda con l\u2019occasione agli interessati l\u2019importanza di seguire attentamente le indicazioni fornite nel Focus: &#8220;Cittadini Italiani in rientro dall\u2019estero e cittadini stranieri in Italia&#8221; consultabile sul nostro sito al link:<br \/><a href=\"https:\/\/www.esteri.it\/mae\/it\/ministero\/normativaonline\/decreto-iorestoacasa-domande-frequenti\/focus-cittadini-italiani-in-rientro-dall-estero-e-cittadini-stranieri-in-italia.html\">https:\/\/www.esteri.it\/mae\/it\/ministero\/normativaonline\/decreto-iorestoacasa-domande-frequenti\/focus-cittadini-italiani-in-rientro-dall-estero-e-cittadini-stranieri-in-italia.html<\/a><\/p>\n<p>Si raccomanda inoltre di leggere attentamente il comunicato di cui al link:<br \/><a href=\"it\/ambasciata\/news\/dall_ambasciata\/2020\/04\/per-andare-in-italia-per-partire.html\">https:\/\/amblavana.esteri.it\/ambasciata_lavana\/it\/ambasciata\/news\/dall_ambasciata\/2020\/04\/per-andare-in-italia-per-partire.html<\/a><\/p>\n<p>I viaggiatori in possesso di un biglietto devono presentarsi in aeroporto almeno tre ore prima della partenza del volo.<\/p>\n","protected":false},"excerpt":{"rendered":"La compagnia Blue Panorama ha programmato il volo commerciale straordinario BV8816, in partenza dall&#8217;aeroporto de L\u2019Avana \u201cJos\u00e9 Mart\u00ec\u201d domenica 17 maggio e diretto in Italia, con scali a Roma Fiumicino e Milano Malpensa (HAV- FCO-MXP). Per termini, condizioni ed orari si rinvia all\u2019ufficio Blue Panorama a L\u2019Avana, sito in Via 23 e Malecon, Vedado, La [&hellip;]","protected":false},"author":1,"featured_media":0,"comment_status":"","ping_status":"","sticky":false,"template":"","format":"standard","meta":{"footnotes":""},"tags":[],"class_list":["post-1044","post","type-post","status-publish","format-standard","hentry"],"_links":{"self":[{"href":"https:\/\/amblavana.esteri.it\/it\/wp-json\/wp\/v2\/posts\/1044","targetHints":{"allow":["GET"]}}],"collection":[{"href":"https:\/\/amblavana.esteri.it\/it\/wp-json\/wp\/v2\/posts"}],"about":[{"href":"https:\/\/amblavana.esteri.it\/it\/wp-json\/wp\/v2\/types\/post"}],"author":[{"embeddable":true,"href":"https:\/\/amblavana.esteri.it\/it\/wp-json\/wp\/v2\/users\/1"}],"replies":[{"embeddable":true,"href":"https:\/\/amblavana.esteri.it\/it\/wp-json\/wp\/v2\/comments?post=1044"}],"version-history":[{"count":0,"href":"https:\/\/amblavana.esteri.it\/it\/wp-json\/wp\/v2\/posts\/1044\/revisions"}],"wp:attachment":[{"href":"https:\/\/amblavana.esteri.it\/it\/wp-json\/wp\/v2\/media?parent=1044"}],"wp:term":[{"taxonomy":"post_tag","embeddable":true,"href":"https:\/\/amblavana.esteri.it\/it\/wp-json\/wp\/v2\/tags?post=1044"}],"curies":[{"name":"wp","href":"https:\/\/api.w.org\/{rel}","templated":true}]}}