{"id":1041,"date":"2020-05-22T20:58:04","date_gmt":"2020-05-23T00:58:04","guid":{"rendered":"https:\/\/amblavana.esteri.it\/news\/dall_ambasciata\/2020\/05\/emergenza-covid-19-volo-commerciale_1\/"},"modified":"2020-05-22T20:58:04","modified_gmt":"2020-05-23T00:58:04","slug":"emergenza-covid-19-volo-commerciale_1","status":"publish","type":"post","link":"https:\/\/amblavana.esteri.it\/it\/news\/dall_ambasciata\/2020\/05\/emergenza-covid-19-volo-commerciale_1\/","title":{"rendered":"EMERGENZA COVID-19: VOLO COMMERCIALE STRAORDINARIO CONDOR &#8211; 4 GIUGNO"},"content":{"rendered":"<p>Si \u00e8 appreso che la compagnia aerea Condor operer\u00e0 un volo commerciale straordinario\u00a0da L&#8217;Avana a Francoforte il giorno 4 giugno prossimo, con partenza alle ore 15 dal Terminal 3 dell&#8217;Aeroporto &#8220;Jos\u00e9 Mart\u00ed&#8221; e arrivo alle ore 7 del giorno seguente. Il costo del biglietto \u00e8 di euro 750.<\/p>\n<p>Per ulteriori informazioni e prenotazioni, \u00e8 possibile contattare\u00a0l&#8217;agenzia Caribbean Tours ai seguenti recapiti:<\/p>\n<ul>\n<li>Ufficio, aperto dal luned\u00ec al venerd\u00ec, dalle 13 alle 15: Avenida Paseo n. 606, e\/ 25 y 27, Vedado<\/li>\n<li>E-mail: <a href=\"mailto:claudia.schwab@caribbeantours.ch\">claudia.schwab@caribbeantours.ch<\/a><\/li>\n<li>WhatsApp: +49 160 928 162 51<\/li>\n<\/ul>\n<p>Al fine di potersi imbacare per Francoforte, i cittadini italiani devono essere in possesso di un titolo di viaggio che consenta la prosecuzione del viaggio, dallo scalo tedesco all\u2019Italia.<\/p>\n<p>In vista del rientro in Italia, si raccomanda ai connazionali di leggere attentamente le risposte alla domande frequenti, pubblicate sul sito della Farnesina all&#8217;indirizzo:\u00a0<a href=\"https:\/\/www.esteri.it\/mae\/it\/ministero\/normativaonline\/decreto-iorestoacasa-domande-frequenti\/focus-cittadini-italiani-in-rientro-dall-estero-e-cittadini-stranieri-in-italia.html\">https:\/\/www.esteri.it\/mae\/it\/ministero\/normativaonline\/decreto-iorestoacasa-domande-frequenti\/focus-cittadini-italiani-in-rientro-dall-estero-e-cittadini-stranieri-in-italia.html<\/a>.<\/p>\n","protected":false},"excerpt":{"rendered":"Si \u00e8 appreso che la compagnia aerea Condor operer\u00e0 un volo commerciale straordinario\u00a0da L&#8217;Avana a Francoforte il giorno 4 giugno prossimo, con partenza alle ore 15 dal Terminal 3 dell&#8217;Aeroporto &#8220;Jos\u00e9 Mart\u00ed&#8221; e arrivo alle ore 7 del giorno seguente. Il costo del biglietto \u00e8 di euro 750. Per ulteriori informazioni e prenotazioni, \u00e8 possibile [&hellip;]","protected":false},"author":1,"featured_media":0,"comment_status":"","ping_status":"","sticky":false,"template":"","format":"standard","meta":{"footnotes":""},"tags":[],"class_list":["post-1041","post","type-post","status-publish","format-standard","hentry"],"_links":{"self":[{"href":"https:\/\/amblavana.esteri.it\/it\/wp-json\/wp\/v2\/posts\/1041","targetHints":{"allow":["GET"]}}],"collection":[{"href":"https:\/\/amblavana.esteri.it\/it\/wp-json\/wp\/v2\/posts"}],"about":[{"href":"https:\/\/amblavana.esteri.it\/it\/wp-json\/wp\/v2\/types\/post"}],"author":[{"embeddable":true,"href":"https:\/\/amblavana.esteri.it\/it\/wp-json\/wp\/v2\/users\/1"}],"replies":[{"embeddable":true,"href":"https:\/\/amblavana.esteri.it\/it\/wp-json\/wp\/v2\/comments?post=1041"}],"version-history":[{"count":0,"href":"https:\/\/amblavana.esteri.it\/it\/wp-json\/wp\/v2\/posts\/1041\/revisions"}],"wp:attachment":[{"href":"https:\/\/amblavana.esteri.it\/it\/wp-json\/wp\/v2\/media?parent=1041"}],"wp:term":[{"taxonomy":"post_tag","embeddable":true,"href":"https:\/\/amblavana.esteri.it\/it\/wp-json\/wp\/v2\/tags?post=1041"}],"curies":[{"name":"wp","href":"https:\/\/api.w.org\/{rel}","templated":true}]}}