{"id":1035,"date":"2020-06-02T14:34:36","date_gmt":"2020-06-02T18:34:36","guid":{"rendered":"https:\/\/amblavana.esteri.it\/news\/dall_ambasciata\/2020\/06\/messaggio-dell-ambasciatore-d-italia\/"},"modified":"2020-06-02T14:34:36","modified_gmt":"2020-06-02T18:34:36","slug":"messaggio-dell-ambasciatore-d-italia","status":"publish","type":"post","link":"https:\/\/amblavana.esteri.it\/it\/news\/dall_ambasciata\/2020\/06\/messaggio-dell-ambasciatore-d-italia\/","title":{"rendered":"Messaggio dell&#8217;Ambasciatore d&#8217;Italia Andrea Ferrari in occasione della Festa della Repubblica"},"content":{"rendered":"<p>Cari connazionali, gentili amiche ed amici,<\/p>\n<p>oggi celebriamo la nostra Repubblica, vale a dire l\u2019 assetto istituzionale che gli italiani scelsero per il Paese recandosi numerosissimi al voto, donne e uomini, il 2 giugno del 1946.<\/p>\n<p>Lo facciamo quest\u2019anno in maniera differente dal passato per le ragioni contingenti, per molti versi drammatiche, a tutti voi note ma con la stessa sentita partecipazione.<\/p>\n<p>Dalla data suddetta, come \u00e8 stato autorevolmente ricordato, sono trascorsi settantaquattro anni di pace, garantiti dai valori di libert\u00e0, di giustizia, di democrazia e di solidariet\u00e0 sui quali si fonda la nostra Carta Costituzionale, che devono fungere da riferimento per ogni cittadino italiano e da guida per chiunque sia chiamato a responsabilit\u00e0 a favore della collettivit\u00e0.<\/p>\n<p>Sono valori universali nei quali ci riconosciamo e che hanno connotato e connotano la scelta di impegnarci nel mondo per promuovere il rispetto delle differenze e la coesione fra i popoli, la salvaguardia dei diritti umani, la vigenza dello stato di diritto ed uno sviluppo equilibrato e sostenibile a tutela del nostro pianeta per le generazioni a venire. Sono valori che sottendono al nostro impegno di membro attivo delle Nazioni Unite e della Unione Europea, il cui processo di integrazione va costantemente alimentato con una pluralit\u00e0 di iniziative concrete volte innanzitutto a consolidare la solidariet\u00e0 tra i popoli, la cui salvaguardia pu\u00f2 essere garantita solo da sforzi comuni, anche creativi, proporzionali ai pericoli che di volta in volta la minacciano. L\u2019impatto sulle nostre societ\u00e0 ed economie prodotto dalla drammatica pandemia con la quale siamo tuttora confrontati ci fornisce, analogamente a quanto accadde nell\u2019immediato secondo dopo guerra, l\u2019occasione per dimostrarci all\u2019altezza della sfida.<\/p>\n<p>In questo contesto, Cuba rappresenta per noi &#8211; come per la UE &#8211; un partner importante con il quale, nonostante le diversit\u00e0 di valutazioni e vedute, anche profonde, che pure esistono, continuare a lavorare per favorire lo sviluppo delle relazioni bilaterali e cercare strade sempre nuove ed efficaci di collaborazione, soprattutto nell\u2019attuale difficilissima fase che il Paese sta vivendo. Mi fa molto piacere, in particolare, ricordare, ad esempio, le iniziative nel settore della tutela dell\u2019ambiente, delle energie rinnovabili, della sicurezza alimentare, del recupero del patrimonio storico e architettonico del Paese, nonch\u00e9 della parit\u00e0 di genere che abbiamo avviato grazie alla nostra Cooperazione allo Sviluppo, cos\u00ec come i molteplici eventi realizzati in occasione delle celebrazioni dei 500 anni de L\u2019Avana, forti del legame culturale che unisce i nostri popoli.<\/p>\n<p>Concludo ringraziandovi, gentili amiche ed amici, per la vicinanza che ci avete assicurato negli anni, malgrado le molteplici avversit\u00e0 con le quali vi siete dovuti ripetutamente confrontare, consentendoci in pi\u00f9 di un\u2019occasione di aggiustare il tiro delle nostre attivit\u00e0 e di migliorare la qualit\u00e0 dei servizi che siamo tenuti a rendervi. Nel rinnovarvi quindi la pi\u00f9 totale disponibilit\u00e0 di tutti noi a proseguire lungo detto binario di costruttiva collaborazione, vi giungano, in questo giorno speciale per l\u2019Italia, i pi\u00f9 cordiali dei miei saluti.<\/p>\n","protected":false},"excerpt":{"rendered":"Cari connazionali, gentili amiche ed amici, oggi celebriamo la nostra Repubblica, vale a dire l\u2019 assetto istituzionale che gli italiani scelsero per il Paese recandosi numerosissimi al voto, donne e uomini, il 2 giugno del 1946. Lo facciamo quest\u2019anno in maniera differente dal passato per le ragioni contingenti, per molti versi drammatiche, a tutti voi [&hellip;]","protected":false},"author":1,"featured_media":0,"comment_status":"","ping_status":"","sticky":false,"template":"","format":"standard","meta":{"footnotes":""},"tags":[],"class_list":["post-1035","post","type-post","status-publish","format-standard","hentry"],"_links":{"self":[{"href":"https:\/\/amblavana.esteri.it\/it\/wp-json\/wp\/v2\/posts\/1035","targetHints":{"allow":["GET"]}}],"collection":[{"href":"https:\/\/amblavana.esteri.it\/it\/wp-json\/wp\/v2\/posts"}],"about":[{"href":"https:\/\/amblavana.esteri.it\/it\/wp-json\/wp\/v2\/types\/post"}],"author":[{"embeddable":true,"href":"https:\/\/amblavana.esteri.it\/it\/wp-json\/wp\/v2\/users\/1"}],"replies":[{"embeddable":true,"href":"https:\/\/amblavana.esteri.it\/it\/wp-json\/wp\/v2\/comments?post=1035"}],"version-history":[{"count":0,"href":"https:\/\/amblavana.esteri.it\/it\/wp-json\/wp\/v2\/posts\/1035\/revisions"}],"wp:attachment":[{"href":"https:\/\/amblavana.esteri.it\/it\/wp-json\/wp\/v2\/media?parent=1035"}],"wp:term":[{"taxonomy":"post_tag","embeddable":true,"href":"https:\/\/amblavana.esteri.it\/it\/wp-json\/wp\/v2\/tags?post=1035"}],"curies":[{"name":"wp","href":"https:\/\/api.w.org\/{rel}","templated":true}]}}