{"id":1018,"date":"2020-09-07T19:32:51","date_gmt":"2020-09-07T23:32:51","guid":{"rendered":"https:\/\/amblavana.esteri.it\/news\/dall_ambasciata\/2020\/09\/voli-commerciali-straordinari\/"},"modified":"2020-09-07T19:32:51","modified_gmt":"2020-09-07T23:32:51","slug":"voli-commerciali-straordinari","status":"publish","type":"post","link":"https:\/\/amblavana.esteri.it\/it\/news\/dall_ambasciata\/2020\/09\/voli-commerciali-straordinari\/","title":{"rendered":"VOLI COMMERCIALI STRAORDINARI"},"content":{"rendered":"<p>Sentite le compagnie aeree che operano tratte tra Cuba e l\u2019Italia, si informano i connazionali che Iberia e Air France prevedono di effettuare voli commerciali straordinari nei prossimi giorni. Per ricevere informazioni dettagliate e acquistare i biglietti \u00e8 possibile rivolgersi ai recapiti indicati di seguito.<\/p>\n<p><strong>Iberia: L\u2019Avana-Madrid, domenica 13 settembre<\/strong><br \/>Numeri di telefono: +53 7204 3444 \/ +53 7204 3460 \/ +53 7204 3461<br \/>Ufficio a L\u2019Avana: Miramar Trade Center (MTC), Edificio Santiago<\/p>\n<p><strong>Air France: L\u2019Avana-Parigi, venerd\u00ec 18 settembre<\/strong><br \/>Numero di telefono: +53 7204 4450<br \/>Ufficio a L\u2019Avana: Miramar Trade Center (MTC), Edificio Santiago<\/p>\n<p>I biglietti per entrambi i voli possono essere acquistati via telefono con carta di credito. A partire da venerd\u00ec 11 p.v., il volo Air France potr\u00e0 altres\u00ec essere acquistato online sul sito web della compagnia.<\/p>\n<p>Tali voli, al momento in via di conferma, <strong>consentirebbero ai connazionali di esercitare il proprio diritto di voto in occasione del Referendum dei giorni 20 e 21 settembre prossimi<\/strong>. Infatti, una volta raggiunti gli scali europei di Madrid o Parigi, i connazionali potrebbero proseguire il viaggio per l\u2019Italia, in modo tale da giungervi in tempo utile per esercitare il diritto di voto presso il proprio seggio.<\/p>\n<p>Per quanto riguarda la possibilit\u00e0 di chiedere il rimborso del 75% del costo del biglietto, si rinvia alla seguente comunicazione: <a href=\"..\/ambasciata_lavana\/it\/ambasciata\/news\/dall_ambasciata\/2020\/07\/referendum-costituzionale-20-21.html\">https:\/\/amblavana.esteri.it\/ambasciata_lavana\/it\/ambasciata\/news\/dall_ambasciata\/2020\/07\/referendum-costituzionale-20-21.html<\/a><\/p>\n<p>Si invitano i connazionali a prestare particolare attenzione alle condizioni di uscita dal territorio cubano, ingresso in Italia e successivo rientro a Cuba, esposte nella seguente comunicazione: <a href=\"..\/ambasciata_lavana\/it\/ambasciata\/news\/dall_ambasciata\/2020\/07\/spostamenti-tra-cuba-e-l-italia.html\">https:\/\/amblavana.esteri.it\/ambasciata_lavana\/it\/ambasciata\/news\/dall_ambasciata\/2020\/07\/spostamenti-tra-cuba-e-l-italia.html<\/a><\/p>\n","protected":false},"excerpt":{"rendered":"Sentite le compagnie aeree che operano tratte tra Cuba e l\u2019Italia, si informano i connazionali che Iberia e Air France prevedono di effettuare voli commerciali straordinari nei prossimi giorni. Per ricevere informazioni dettagliate e acquistare i biglietti \u00e8 possibile rivolgersi ai recapiti indicati di seguito. Iberia: L\u2019Avana-Madrid, domenica 13 settembreNumeri di telefono: +53 7204 3444 [&hellip;]","protected":false},"author":1,"featured_media":0,"comment_status":"","ping_status":"","sticky":false,"template":"","format":"standard","meta":{"footnotes":""},"tags":[],"class_list":["post-1018","post","type-post","status-publish","format-standard","hentry"],"_links":{"self":[{"href":"https:\/\/amblavana.esteri.it\/it\/wp-json\/wp\/v2\/posts\/1018","targetHints":{"allow":["GET"]}}],"collection":[{"href":"https:\/\/amblavana.esteri.it\/it\/wp-json\/wp\/v2\/posts"}],"about":[{"href":"https:\/\/amblavana.esteri.it\/it\/wp-json\/wp\/v2\/types\/post"}],"author":[{"embeddable":true,"href":"https:\/\/amblavana.esteri.it\/it\/wp-json\/wp\/v2\/users\/1"}],"replies":[{"embeddable":true,"href":"https:\/\/amblavana.esteri.it\/it\/wp-json\/wp\/v2\/comments?post=1018"}],"version-history":[{"count":0,"href":"https:\/\/amblavana.esteri.it\/it\/wp-json\/wp\/v2\/posts\/1018\/revisions"}],"wp:attachment":[{"href":"https:\/\/amblavana.esteri.it\/it\/wp-json\/wp\/v2\/media?parent=1018"}],"wp:term":[{"taxonomy":"post_tag","embeddable":true,"href":"https:\/\/amblavana.esteri.it\/it\/wp-json\/wp\/v2\/tags?post=1018"}],"curies":[{"name":"wp","href":"https:\/\/api.w.org\/{rel}","templated":true}]}}