{"id":1005,"date":"2020-09-24T18:58:02","date_gmt":"2020-09-24T22:58:02","guid":{"rendered":"https:\/\/amblavana.esteri.it\/news\/dall_ambasciata\/2020\/09\/intervento-del-presidente-della_0\/"},"modified":"2020-09-24T18:58:02","modified_gmt":"2020-09-24T22:58:02","slug":"intervento-del-presidente-della_0","status":"publish","type":"post","link":"https:\/\/amblavana.esteri.it\/it\/news\/dall_ambasciata\/2020\/09\/intervento-del-presidente-della_0\/","title":{"rendered":"INTERVENTO DEL PRESIDENTE DELLA REPUBBLICA IN OCCASIONE DELL&#8217;EVENTO DI CELEBRAZIONE DEL 75MO ANNIVERSARIO DELLE NAZIONI UNITE."},"content":{"rendered":"<p>Signor Presidente dell\u2019Assemblea Generale, Signor Segretario Generale,<\/p>\n<p>Celebriamo, oggi, un successo.<\/p>\n<p>L\u2019Onu ha reso migliore la vita della Comunit\u00e0 internazionale.Non ignoriamo manchevolezze e insufficienze del suo sistema.<br \/>Malgrado queste si \u00e8 agito, sovente con successo, per rimuovere o ridurre le tensioni internazionali;perch\u00e9 i conflitti trovassero composizione pacifica; perch\u00e9 l\u2019agenda del mondo prendesse atto di diseguaglianze tra i popoli alle quali porre riparo e della limitatezza delle risorse disponibili sulla Terra.<\/p>\n<p>La grande visione &#8211; che port\u00f2 alla Carta di San Francisco e al proposito \u201cmai pi\u00f9 guerra fra i popoli\u201d \u2013 \u00e8, pi\u00f9 che mai, attuale.<br \/>La Repubblica Italiana \u00e8 orgogliosa di aver fornito il suo contributo, in coerenza con i valori della sua Costituzione.<br \/>Le Nazioni Unite sono state un formidabile strumento della stessa legittimazione dei singoli Stati e delle loro iniziative in quell\u2019ambito.<br \/>Per l\u2019Italia costitu\u00ec un traguardo l\u2019ammissione all\u2019Onu nel 1955.<\/p>\n<p>L\u2019Onu, nei decenni, ha accompagnato e sancito l\u2019indipendenza di tanti Paesi divenuti protagonisti nella vita del suo sistema.<br \/>Oggi, accanto agli Stati, la realt\u00e0 internazionale si \u00e8 arricchita di nuovi, importanti, attori globali espressione della societ\u00e0 civile. E\u2019 il risultato della stagione della affermazione dei diritti: dalla Dichiarazione universale del 1948 alla Carta del 1974 sui diritti e i doveri economici degli Stati.<\/p>\n<p>L\u2019Onu ha saputo promuovere una pi\u00f9 profonda comprensione fra i popoli, un reciproco rispetto, che allontanano la logica della competizione e affermano il principio della pacifica convivenza e della cooperazione. Basti pensare all\u2019impegno di tutti i governi del mondo contro la pandemia.<\/p>\n<p>I meccanismi decisionali non possono che essere ispirati a questi obiettivi e alla pi\u00f9 ampia partecipazione.<br \/>Abbiamo di fronte avversari temibili: l\u2019intolleranza, il sottosviluppo, le disuguaglianze, i cambiamenti climatici. Deve accrescersi l\u2019efficacia delle iniziative di pace che costituiscono il cuore delle azioni del Palazzo di Vetro.<\/p>\n<p>Ciascuna generazione ha le sue prove. Si riaffacciano le crisi umanitarie che, a loro volta, provocano crisi migratorie; il terrorismo; una rinnovata corsa al riarmo: determinano nuove tensioni e pongono in discussione la fiducia tra i Paesi. La diplomazia preventiva, per scongiurare conflitti, \u00e8 la via che si ripropone. L\u2019Onu deve poter assumere, e gestire, le necessarie iniziative di pace.<br \/>A cinquant\u2019anni di distanza dalla conferenza che vide riunita a New York una assemblea mondiale dei giovani per discutere del loro avvenire, il mondo che intendiamo affidare alle nuove generazioni deve essere migliore di quello che abbiamo ereditato.<\/p>\n<p>Le Nazioni Unite sono strumento per questo obiettivo, per dare speranza al futuro della umanit\u00e0.<\/p>\n","protected":false},"excerpt":{"rendered":"Signor Presidente dell\u2019Assemblea Generale, Signor Segretario Generale, Celebriamo, oggi, un successo. L\u2019Onu ha reso migliore la vita della Comunit\u00e0 internazionale.Non ignoriamo manchevolezze e insufficienze del suo sistema.Malgrado queste si \u00e8 agito, sovente con successo, per rimuovere o ridurre le tensioni internazionali;perch\u00e9 i conflitti trovassero composizione pacifica; perch\u00e9 l\u2019agenda del mondo prendesse atto di diseguaglianze tra [&hellip;]","protected":false},"author":1,"featured_media":0,"comment_status":"","ping_status":"","sticky":false,"template":"","format":"standard","meta":{"footnotes":""},"tags":[],"class_list":["post-1005","post","type-post","status-publish","format-standard","hentry"],"_links":{"self":[{"href":"https:\/\/amblavana.esteri.it\/it\/wp-json\/wp\/v2\/posts\/1005","targetHints":{"allow":["GET"]}}],"collection":[{"href":"https:\/\/amblavana.esteri.it\/it\/wp-json\/wp\/v2\/posts"}],"about":[{"href":"https:\/\/amblavana.esteri.it\/it\/wp-json\/wp\/v2\/types\/post"}],"author":[{"embeddable":true,"href":"https:\/\/amblavana.esteri.it\/it\/wp-json\/wp\/v2\/users\/1"}],"replies":[{"embeddable":true,"href":"https:\/\/amblavana.esteri.it\/it\/wp-json\/wp\/v2\/comments?post=1005"}],"version-history":[{"count":0,"href":"https:\/\/amblavana.esteri.it\/it\/wp-json\/wp\/v2\/posts\/1005\/revisions"}],"wp:attachment":[{"href":"https:\/\/amblavana.esteri.it\/it\/wp-json\/wp\/v2\/media?parent=1005"}],"wp:term":[{"taxonomy":"post_tag","embeddable":true,"href":"https:\/\/amblavana.esteri.it\/it\/wp-json\/wp\/v2\/tags?post=1005"}],"curies":[{"name":"wp","href":"https:\/\/api.w.org\/{rel}","templated":true}]}}