{"id":996,"date":"2020-10-23T19:03:38","date_gmt":"2020-10-23T23:03:38","guid":{"rendered":"https:\/\/amblavana.esteri.it\/news\/dall_ambasciata\/2020\/10\/manifestazioni-di-interesse-proroga-2\/"},"modified":"2020-10-23T19:03:38","modified_gmt":"2020-10-23T23:03:38","slug":"manifestazioni-di-interesse-proroga-2","status":"publish","type":"post","link":"https:\/\/amblavana.esteri.it\/es\/news\/dall_ambasciata\/2020\/10\/manifestazioni-di-interesse-proroga-2\/","title":{"rendered":"MANIFESTACIONES DE INTER\u00c9S &#8211; PR\u00d3RROGA AL 30 DE NOVIEMBRE DE 2020 DE LA FECHA DE VENCIMIENTO DE LOS T\u00c9RMINOS"},"content":{"rendered":"<p>MANIFESTACIONES DE INTER\u00c9S &#8211; PR\u00d3RROGA AL 30 DE NOVIEMBRE DE 2020 DE LA FECHA DE VENCIMIENTO DE LOS T\u00c9RMINOS.<\/p>\n<p>Al continuar aun las medidas necesarias para enfrentar la propagaci\u00f3n del Covid19 y las correspondientes limitaciones operativas que hasta el momento afectan a las empresas, se considera necesario prorrogar los t\u00e9rminos dentro de los cuales podr\u00e1n transmitir a esta Embajada de Italia en La Habana las \u00abmanifestaciones de inter\u00e9s\u00bb contempladas en los tres \u00abavisos de exploraci\u00f3n\u00bb publicados hasta el momento.<\/p>\n<p>Se fija por tanto hasta el 30 DE NOVEMBRE DE 2020 el t\u00e9rmino \u00faltimo para la transmisi\u00f3n en esta Embajada de Italia de las MANIFESTACIONES DE INTER\u00c9S PARA REALIZAR TRABAJOS como indicado en los avisos de exploraci\u00f3n n\u00fameros 1, 2 y 3, aqu\u00ed publicados.<\/p>\n","protected":false},"excerpt":{"rendered":"MANIFESTACIONES DE INTER\u00c9S &#8211; PR\u00d3RROGA AL 30 DE NOVIEMBRE DE 2020 DE LA FECHA DE VENCIMIENTO DE LOS T\u00c9RMINOS. Al continuar aun las medidas necesarias para enfrentar la propagaci\u00f3n del Covid19 y las correspondientes limitaciones operativas que hasta el momento afectan a las empresas, se considera necesario prorrogar los t\u00e9rminos dentro de los cuales podr\u00e1n [&hellip;]","protected":false},"author":1,"featured_media":0,"comment_status":"","ping_status":"","sticky":false,"template":"","format":"standard","meta":{"footnotes":""},"tags":[],"class_list":["post-996","post","type-post","status-publish","format-standard","hentry"],"_links":{"self":[{"href":"https:\/\/amblavana.esteri.it\/es\/wp-json\/wp\/v2\/posts\/996","targetHints":{"allow":["GET"]}}],"collection":[{"href":"https:\/\/amblavana.esteri.it\/es\/wp-json\/wp\/v2\/posts"}],"about":[{"href":"https:\/\/amblavana.esteri.it\/es\/wp-json\/wp\/v2\/types\/post"}],"author":[{"embeddable":true,"href":"https:\/\/amblavana.esteri.it\/es\/wp-json\/wp\/v2\/users\/1"}],"replies":[{"embeddable":true,"href":"https:\/\/amblavana.esteri.it\/es\/wp-json\/wp\/v2\/comments?post=996"}],"version-history":[{"count":0,"href":"https:\/\/amblavana.esteri.it\/es\/wp-json\/wp\/v2\/posts\/996\/revisions"}],"wp:attachment":[{"href":"https:\/\/amblavana.esteri.it\/es\/wp-json\/wp\/v2\/media?parent=996"}],"wp:term":[{"taxonomy":"post_tag","embeddable":true,"href":"https:\/\/amblavana.esteri.it\/es\/wp-json\/wp\/v2\/tags?post=996"}],"curies":[{"name":"wp","href":"https:\/\/api.w.org\/{rel}","templated":true}]}}