{"id":983,"date":"2020-12-23T14:40:50","date_gmt":"2020-12-23T18:40:50","guid":{"rendered":"https:\/\/amblavana.esteri.it\/news\/dall_ambasciata\/2020\/12\/spostamenti-tra-cuba-e-l-italia_2-2\/"},"modified":"2020-12-23T14:40:50","modified_gmt":"2020-12-23T18:40:50","slug":"spostamenti-tra-cuba-e-l-italia_2-2","status":"publish","type":"post","link":"https:\/\/amblavana.esteri.it\/es\/news\/dall_ambasciata\/2020\/12\/spostamenti-tra-cuba-e-l-italia_2-2\/","title":{"rendered":"COVID-19: ENTRADA\/SALIDA DEL TERRITORIO NACIONAL Y OTRAS MEDIDAS VIGENTES EN CUBA"},"content":{"rendered":"<p><strong>ENTRADA A CUBA<\/strong><\/p>\n<p>A partir del <strong>6 de abril de 2022<\/strong> han sido eliminadas todas las restricciones para la entrada a Cuba. Ya no ser\u00e1 necesario mostrar el certificado de vacunaci\u00f3n ni el resultado negativo de un test molecular para la entrada al Pa\u00eds.<\/p>\n<p>COVID-19: para monitorear la evoluci\u00f3n de la situaci\u00f3n epidemiol\u00f3gica, se recomienda consultar el sitio web del Ministerio de Salud cubano: https:\/\/salud.msp.gob.cu\/category\/covid-19\/<\/p>\n<p>El uso de la mascarilla es obligatorio en todo el territorio nacional, incluidos los espacios abiertos.<\/p>\n<p><strong>ENTRADA EN ITALIA<\/strong><\/p>\n<p>A partir del <strong>1\u00ba de mayo de 2022<\/strong>, para la entrada\/ reingreso a Italia desde Cuba, es obligatorio:<\/p>\n<p>&#8211; Presentar en el momento de embarcar, y a cualquier persona encargada de los controles, uno de los siguientes documentos:<\/p>\n<p>\u00a0 \u00a0 \u00a0o Valido Green Pass;<\/p>\n<p>\u00a0 \u00a0 \u00a0o Certificado de vacunaci\u00f3n con vacunas reconocidas en Italia, efectuadas en los 6 meses previos;<\/p>\n<p>\u00a0 \u00a0 \u00a0o Certificado de recuperaci\u00f3n de Covid-19 emitido m\u00e1ximo 6 meses antes de viajar;<\/p>\n<p>\u00a0 \u00a0 \u00a0o Certificado que demuestre el resultado negativo de un test molecular realizado mediante hisopado, efectuado en las 72 horas<br \/>\u00a0 \u00a0 \u00a0 \u00a0 antes de la entrada a Italia, o un test de ant\u00edgeno realizado con hisopado efectuado en las 48 horas antes de la entrada a Italia.<br \/>\u00a0 \u00a0 \u00a0 \u00a0 Los ni\u00f1os de hasta 5 a\u00f1os est\u00e1n exentos (a partir de 6 a\u00f1os en adelante est\u00e1n obligados).<\/p>\n<p>&#8211; Solo en caso de que no se posea uno de los documentos antes mencionados, ser\u00e1 obligatorio un aislamiento fiduciario por un per\u00edodo de 5 d\u00edas, luego del cual ser\u00e1 obligatorio realizar un test PCR o ant\u00edgeno.<\/p>\n<p>La normativa prev\u00e9 casos de excepci\u00f3n a tales obligaciones; se ruega consultar con atenci\u00f3n la p\u00e1gina: <strong><a href=\"https:\/\/www.viaggiaresicuri.it\/approfondimenti-insights\/saluteinviaggio\">https:\/\/www.viaggiaresicuri.it\/approfondimenti-insights\/saluteinviaggio<\/a>\u00a0<\/strong><\/p>\n<p><span style=\"text-decoration: underline;\">Para m\u00e1s informaci\u00f3n se ruega consultar:<\/span><\/p>\n<p>\u25e6 Focus: <a href=\"http:\/\/www.viaggiaresicuri.it\/approfondimenti-insights\/saluteinviaggio\">http:\/\/www.viaggiaresicuri.it\/approfondimenti-insights\/saluteinviaggio<\/a>\u00a0<\/p>\n","protected":false},"excerpt":{"rendered":"ENTRADA A CUBA A partir del 6 de abril de 2022 han sido eliminadas todas las restricciones para la entrada a Cuba. Ya no ser\u00e1 necesario mostrar el certificado de vacunaci\u00f3n ni el resultado negativo de un test molecular para la entrada al Pa\u00eds. COVID-19: para monitorear la evoluci\u00f3n de la situaci\u00f3n epidemiol\u00f3gica, se recomienda [&hellip;]","protected":false},"author":1,"featured_media":0,"comment_status":"","ping_status":"","sticky":false,"template":"","format":"standard","meta":{"footnotes":""},"tags":[],"class_list":["post-983","post","type-post","status-publish","format-standard","hentry"],"_links":{"self":[{"href":"https:\/\/amblavana.esteri.it\/es\/wp-json\/wp\/v2\/posts\/983","targetHints":{"allow":["GET"]}}],"collection":[{"href":"https:\/\/amblavana.esteri.it\/es\/wp-json\/wp\/v2\/posts"}],"about":[{"href":"https:\/\/amblavana.esteri.it\/es\/wp-json\/wp\/v2\/types\/post"}],"author":[{"embeddable":true,"href":"https:\/\/amblavana.esteri.it\/es\/wp-json\/wp\/v2\/users\/1"}],"replies":[{"embeddable":true,"href":"https:\/\/amblavana.esteri.it\/es\/wp-json\/wp\/v2\/comments?post=983"}],"version-history":[{"count":0,"href":"https:\/\/amblavana.esteri.it\/es\/wp-json\/wp\/v2\/posts\/983\/revisions"}],"wp:attachment":[{"href":"https:\/\/amblavana.esteri.it\/es\/wp-json\/wp\/v2\/media?parent=983"}],"wp:term":[{"taxonomy":"post_tag","embeddable":true,"href":"https:\/\/amblavana.esteri.it\/es\/wp-json\/wp\/v2\/tags?post=983"}],"curies":[{"name":"wp","href":"https:\/\/api.w.org\/{rel}","templated":true}]}}