{"id":979,"date":"2021-01-21T21:10:21","date_gmt":"2021-01-22T01:10:21","guid":{"rendered":"https:\/\/amblavana.esteri.it\/news\/dall_ambasciata\/2021\/01\/emergenza-covid-19-chiusura-della-2\/"},"modified":"2021-01-21T21:10:21","modified_gmt":"2021-01-22T01:10:21","slug":"emergenza-covid-19-chiusura-della-2","status":"publish","type":"post","link":"https:\/\/amblavana.esteri.it\/es\/news\/dall_ambasciata\/2021\/01\/emergenza-covid-19-chiusura-della-2\/","title":{"rendered":"COVID-19: ATENCION AL PUBLICO"},"content":{"rendered":"<p>Se informa que han sido tomadas medidas para la prestaci\u00f3n de servicios al p\u00fablico, con miras a garantizar el distanciamiento f\u00edsico y la constante desinfecci\u00f3n de las \u00e1reas dentro del per\u00edmetro de la Embajada. Las Oficinas de la Embajada reciben p\u00fablico sobre la base de un <strong>horario reducido de las 9.00 a las 12.00 horas, de lunes a viernes.<\/strong><\/p>\n<p>En el actual contexto pand\u00e9mico, con el fin de mantener activa la prestaci\u00f3n de servicios consulares evitando concentraciones y asegurando el distanciamiento f\u00edsico entre las personas, la Oficinas de la Embajada ofrecen servicios al p\u00fablico con previa cita. Por lo tanto,<strong>\u00a0<a href=\"..\/ambasciata_lavana\/es\/in_linea_con_utente\/prenota_visita\/prenota-visita.html\">es necesario reservar una cita mediante el portal Prenota OnLine.<\/a><\/strong><\/p>\n<p>Se recomienda a los usuarios respetar el horario indicado por Prenota OnLine y no presentarse en la Embajada antes del horario de apertura de los servicios al p\u00fablico. Es suficiente presentarse con algunos minutos de antelaci\u00f3n (no m\u00e1s de 15).<\/p>\n<p>En casos caracterizados por necesidad y urgencia, se asegura \u2013igualmente sin previa cita\u2013 las intervenciones de asistencia a los ciudadanos italianos.<\/p>\n<p>Con motivo de la pandemia por Covid-19, se encuentra moment\u00e1neamente suspendida la emisi\u00f3n de visados de ingreso para viajes no esenciales (categor\u00eda en la que se encuentran incluidos los visados de \u201cvisita a familiares\/amigos\u201d y \u201cturismo\u201d). Por lo tanto, en la actual fase, la Embajada otorga solamente visados nacionales para \u201creunificaci\u00f3n familiar\u201d, \u201creingreso\u201d, \u201ctrabajo\u201d y \u201cestudio\u201d.<\/p>\n","protected":false},"excerpt":{"rendered":"Se informa que han sido tomadas medidas para la prestaci\u00f3n de servicios al p\u00fablico, con miras a garantizar el distanciamiento f\u00edsico y la constante desinfecci\u00f3n de las \u00e1reas dentro del per\u00edmetro de la Embajada. Las Oficinas de la Embajada reciben p\u00fablico sobre la base de un horario reducido de las 9.00 a las 12.00 horas, [&hellip;]","protected":false},"author":1,"featured_media":0,"comment_status":"","ping_status":"","sticky":false,"template":"","format":"standard","meta":{"footnotes":""},"tags":[],"class_list":["post-979","post","type-post","status-publish","format-standard","hentry"],"_links":{"self":[{"href":"https:\/\/amblavana.esteri.it\/es\/wp-json\/wp\/v2\/posts\/979","targetHints":{"allow":["GET"]}}],"collection":[{"href":"https:\/\/amblavana.esteri.it\/es\/wp-json\/wp\/v2\/posts"}],"about":[{"href":"https:\/\/amblavana.esteri.it\/es\/wp-json\/wp\/v2\/types\/post"}],"author":[{"embeddable":true,"href":"https:\/\/amblavana.esteri.it\/es\/wp-json\/wp\/v2\/users\/1"}],"replies":[{"embeddable":true,"href":"https:\/\/amblavana.esteri.it\/es\/wp-json\/wp\/v2\/comments?post=979"}],"version-history":[{"count":0,"href":"https:\/\/amblavana.esteri.it\/es\/wp-json\/wp\/v2\/posts\/979\/revisions"}],"wp:attachment":[{"href":"https:\/\/amblavana.esteri.it\/es\/wp-json\/wp\/v2\/media?parent=979"}],"wp:term":[{"taxonomy":"post_tag","embeddable":true,"href":"https:\/\/amblavana.esteri.it\/es\/wp-json\/wp\/v2\/tags?post=979"}],"curies":[{"name":"wp","href":"https:\/\/api.w.org\/{rel}","templated":true}]}}