{"id":967,"date":"2021-05-20T18:57:33","date_gmt":"2021-05-20T22:57:33","guid":{"rendered":"https:\/\/amblavana.esteri.it\/news\/dall_ambasciata\/2021\/05\/avviso-relativo-alla-pubblicazione-2\/"},"modified":"2021-05-20T18:57:33","modified_gmt":"2021-05-20T22:57:33","slug":"avviso-relativo-alla-pubblicazione-2","status":"publish","type":"post","link":"https:\/\/amblavana.esteri.it\/es\/news\/dall_ambasciata\/2021\/05\/avviso-relativo-alla-pubblicazione-2\/","title":{"rendered":"CONVOCATORIA DE SOLICITUD DE ADMISI\u00d3N A PROGRAMAS DE DOCTORADO XXXVII CICLO. EL PLAZO DE PRESENTACI\u00d3N DE SOLICITUDES CIERRA EL D\u00cdA: 15 DE JUNIO DE 2021."},"content":{"rendered":"<p>Convocatoria de solicitud de admisi\u00f3n a <a href=\"resource\/doc\/2021\/05\/bando203720ciclo_es.pdf\" target=\"_blank\" rel=\"noopener\"><span style=\"text-decoration: underline;\"><strong>Programas de Doctorado<\/strong><\/span><\/a>\u00a0XXXVII ciclo. El plazo de presentaci\u00f3n de solicitudes cierra el d\u00eda: <strong>15 de junio de 2021<\/strong>.<\/p>\n","protected":false},"excerpt":{"rendered":"Convocatoria de solicitud de admisi\u00f3n a Programas de Doctorado\u00a0XXXVII ciclo. El plazo de presentaci\u00f3n de solicitudes cierra el d\u00eda: 15 de junio de 2021.","protected":false},"author":1,"featured_media":0,"comment_status":"","ping_status":"","sticky":false,"template":"","format":"standard","meta":{"footnotes":""},"tags":[],"class_list":["post-967","post","type-post","status-publish","format-standard","hentry"],"_links":{"self":[{"href":"https:\/\/amblavana.esteri.it\/es\/wp-json\/wp\/v2\/posts\/967","targetHints":{"allow":["GET"]}}],"collection":[{"href":"https:\/\/amblavana.esteri.it\/es\/wp-json\/wp\/v2\/posts"}],"about":[{"href":"https:\/\/amblavana.esteri.it\/es\/wp-json\/wp\/v2\/types\/post"}],"author":[{"embeddable":true,"href":"https:\/\/amblavana.esteri.it\/es\/wp-json\/wp\/v2\/users\/1"}],"replies":[{"embeddable":true,"href":"https:\/\/amblavana.esteri.it\/es\/wp-json\/wp\/v2\/comments?post=967"}],"version-history":[{"count":0,"href":"https:\/\/amblavana.esteri.it\/es\/wp-json\/wp\/v2\/posts\/967\/revisions"}],"wp:attachment":[{"href":"https:\/\/amblavana.esteri.it\/es\/wp-json\/wp\/v2\/media?parent=967"}],"wp:term":[{"taxonomy":"post_tag","embeddable":true,"href":"https:\/\/amblavana.esteri.it\/es\/wp-json\/wp\/v2\/tags?post=967"}],"curies":[{"name":"wp","href":"https:\/\/api.w.org\/{rel}","templated":true}]}}