{"id":961,"date":"2021-06-23T18:28:45","date_gmt":"2021-06-23T22:28:45","guid":{"rendered":"https:\/\/amblavana.esteri.it\/news\/dall_ambasciata\/2021\/06\/cuba-il-nuovo-ambasciatore-d-italia-2\/"},"modified":"2021-06-23T18:28:45","modified_gmt":"2021-06-23T22:28:45","slug":"cuba-il-nuovo-ambasciatore-d-italia-2","status":"publish","type":"post","link":"https:\/\/amblavana.esteri.it\/es\/news\/dall_ambasciata\/2021\/06\/cuba-il-nuovo-ambasciatore-d-italia-2\/","title":{"rendered":"EL NUEVO EMBAJADOR, ROBERTO VELLANO, PRESENTA LAS CREDENCIALES AL PRESIDENTE DIAZ-CANEL"},"content":{"rendered":"<p>Hoy, el nuevo Embajador de Italia en La Habana, Roberto Vellano, present\u00f3 las cartas credenciales al Presidente de la Rep\u00fablica de Cuba, Miguel D\u00edaz-Canel Berm\u00fadez.<\/p>\n<p>La ceremonia tuvo lugar al Palacio de la Revoluci\u00f3n de La Habana, y fue seguida de un breve saludo durante el cual se confirmaron los v\u00ednculos de amistad, simpat\u00eda y colaboraci\u00f3n rec\u00edproca que caracterizan las relaciones entre los dos pa\u00edses en diversos sectores.<\/p>\n<p>Las cartas credenciales son el documento con el cual el Jefe de Estado acredita a su representante ante el Jefe de un Estado extranjero.<\/p>\n<p style=\"text-align: justify;\">Se trata entonces de un acto formal de gran valor simb\u00f3lico, el cual establece oficialmente el inicio de la misi\u00f3n diplom\u00e1tica del Embajador Vellano a Cuba.<\/p>\n","protected":false},"excerpt":{"rendered":"Hoy, el nuevo Embajador de Italia en La Habana, Roberto Vellano, present\u00f3 las cartas credenciales al Presidente de la Rep\u00fablica de Cuba, Miguel D\u00edaz-Canel Berm\u00fadez. La ceremonia tuvo lugar al Palacio de la Revoluci\u00f3n de La Habana, y fue seguida de un breve saludo durante el cual se confirmaron los v\u00ednculos de amistad, simpat\u00eda y [&hellip;]","protected":false},"author":1,"featured_media":0,"comment_status":"","ping_status":"","sticky":false,"template":"","format":"standard","meta":{"footnotes":""},"tags":[],"class_list":["post-961","post","type-post","status-publish","format-standard","hentry"],"_links":{"self":[{"href":"https:\/\/amblavana.esteri.it\/es\/wp-json\/wp\/v2\/posts\/961","targetHints":{"allow":["GET"]}}],"collection":[{"href":"https:\/\/amblavana.esteri.it\/es\/wp-json\/wp\/v2\/posts"}],"about":[{"href":"https:\/\/amblavana.esteri.it\/es\/wp-json\/wp\/v2\/types\/post"}],"author":[{"embeddable":true,"href":"https:\/\/amblavana.esteri.it\/es\/wp-json\/wp\/v2\/users\/1"}],"replies":[{"embeddable":true,"href":"https:\/\/amblavana.esteri.it\/es\/wp-json\/wp\/v2\/comments?post=961"}],"version-history":[{"count":0,"href":"https:\/\/amblavana.esteri.it\/es\/wp-json\/wp\/v2\/posts\/961\/revisions"}],"wp:attachment":[{"href":"https:\/\/amblavana.esteri.it\/es\/wp-json\/wp\/v2\/media?parent=961"}],"wp:term":[{"taxonomy":"post_tag","embeddable":true,"href":"https:\/\/amblavana.esteri.it\/es\/wp-json\/wp\/v2\/tags?post=961"}],"curies":[{"name":"wp","href":"https:\/\/api.w.org\/{rel}","templated":true}]}}