{"id":955,"date":"2021-06-24T23:53:44","date_gmt":"2021-06-25T03:53:44","guid":{"rendered":"https:\/\/amblavana.esteri.it\/news\/dall_ambasciata\/2021\/06\/assunzione-di-un-impiegato-a-contratto_1-2\/"},"modified":"2021-06-24T23:53:44","modified_gmt":"2021-06-25T03:53:44","slug":"assunzione-di-un-impiegato-a-contratto_1-2","status":"publish","type":"post","link":"https:\/\/amblavana.esteri.it\/es\/news\/dall_ambasciata\/2021\/06\/assunzione-di-un-impiegato-a-contratto_1-2\/","title":{"rendered":"CONTRATACION TEMPORAL DE UN EMPLEADO PARA PRESTAR SERVICIOS EN CALIDAD DE ASISTENTE ADMINISTRATIVO"},"content":{"rendered":"<p>La Embajada de Italia en La Habana ha publicado una convocatoria para la contrataci\u00f3n temporal de un empleado a prestar servicio en calidad de Asistente Administrativo.<\/p>\n<p>Las solicitudes deber\u00e1n ser presentadas antes de las 12:00 horas del lunes 5 de julio de 2021.<\/p>\n<p>Para la presentaci\u00f3n de la solicitud, se recomienda seguir las indicaciones detalladas en el punto n.2 de la Convocatoria.<\/p>\n<p>La Convocatoria est\u00e1 disponible en esta p\u00e1gina en el link que se encuentra arriba a la derecha.\u00a0<\/p>\n<p>\u00a0<\/p>\n","protected":false},"excerpt":{"rendered":"La Embajada de Italia en La Habana ha publicado una convocatoria para la contrataci\u00f3n temporal de un empleado a prestar servicio en calidad de Asistente Administrativo. Las solicitudes deber\u00e1n ser presentadas antes de las 12:00 horas del lunes 5 de julio de 2021. Para la presentaci\u00f3n de la solicitud, se recomienda seguir las indicaciones detalladas [&hellip;]","protected":false},"author":1,"featured_media":0,"comment_status":"","ping_status":"","sticky":false,"template":"","format":"standard","meta":{"footnotes":""},"tags":[],"class_list":["post-955","post","type-post","status-publish","format-standard","hentry"],"_links":{"self":[{"href":"https:\/\/amblavana.esteri.it\/es\/wp-json\/wp\/v2\/posts\/955","targetHints":{"allow":["GET"]}}],"collection":[{"href":"https:\/\/amblavana.esteri.it\/es\/wp-json\/wp\/v2\/posts"}],"about":[{"href":"https:\/\/amblavana.esteri.it\/es\/wp-json\/wp\/v2\/types\/post"}],"author":[{"embeddable":true,"href":"https:\/\/amblavana.esteri.it\/es\/wp-json\/wp\/v2\/users\/1"}],"replies":[{"embeddable":true,"href":"https:\/\/amblavana.esteri.it\/es\/wp-json\/wp\/v2\/comments?post=955"}],"version-history":[{"count":0,"href":"https:\/\/amblavana.esteri.it\/es\/wp-json\/wp\/v2\/posts\/955\/revisions"}],"wp:attachment":[{"href":"https:\/\/amblavana.esteri.it\/es\/wp-json\/wp\/v2\/media?parent=955"}],"wp:term":[{"taxonomy":"post_tag","embeddable":true,"href":"https:\/\/amblavana.esteri.it\/es\/wp-json\/wp\/v2\/tags?post=955"}],"curies":[{"name":"wp","href":"https:\/\/api.w.org\/{rel}","templated":true}]}}