{"id":944,"date":"2021-07-26T15:29:17","date_gmt":"2021-07-26T19:29:17","guid":{"rendered":"https:\/\/amblavana.esteri.it\/news\/dall_ambasciata\/2021\/07\/avviso-urgente-2\/"},"modified":"2021-07-26T15:29:17","modified_gmt":"2021-07-26T19:29:17","slug":"avviso-urgente-2","status":"publish","type":"post","link":"https:\/\/amblavana.esteri.it\/es\/news\/dall_ambasciata\/2021\/07\/avviso-urgente-2\/","title":{"rendered":"AVISO URGENTE"},"content":{"rendered":"<p>AVISO URGENTE<\/p>\n<p>La Embajada permanecer\u00e1 cerrada al p\u00fablico del 26 al 28 de Julio y reabrir\u00e1 el jueves 29.<\/p>\n","protected":false},"excerpt":{"rendered":"AVISO URGENTE La Embajada permanecer\u00e1 cerrada al p\u00fablico del 26 al 28 de Julio y reabrir\u00e1 el jueves 29.","protected":false},"author":1,"featured_media":0,"comment_status":"","ping_status":"","sticky":false,"template":"","format":"standard","meta":{"footnotes":""},"tags":[],"class_list":["post-944","post","type-post","status-publish","format-standard","hentry"],"_links":{"self":[{"href":"https:\/\/amblavana.esteri.it\/es\/wp-json\/wp\/v2\/posts\/944","targetHints":{"allow":["GET"]}}],"collection":[{"href":"https:\/\/amblavana.esteri.it\/es\/wp-json\/wp\/v2\/posts"}],"about":[{"href":"https:\/\/amblavana.esteri.it\/es\/wp-json\/wp\/v2\/types\/post"}],"author":[{"embeddable":true,"href":"https:\/\/amblavana.esteri.it\/es\/wp-json\/wp\/v2\/users\/1"}],"replies":[{"embeddable":true,"href":"https:\/\/amblavana.esteri.it\/es\/wp-json\/wp\/v2\/comments?post=944"}],"version-history":[{"count":0,"href":"https:\/\/amblavana.esteri.it\/es\/wp-json\/wp\/v2\/posts\/944\/revisions"}],"wp:attachment":[{"href":"https:\/\/amblavana.esteri.it\/es\/wp-json\/wp\/v2\/media?parent=944"}],"wp:term":[{"taxonomy":"post_tag","embeddable":true,"href":"https:\/\/amblavana.esteri.it\/es\/wp-json\/wp\/v2\/tags?post=944"}],"curies":[{"name":"wp","href":"https:\/\/api.w.org\/{rel}","templated":true}]}}