{"id":921,"date":"2021-09-14T19:42:24","date_gmt":"2021-09-14T23:42:24","guid":{"rendered":"https:\/\/amblavana.esteri.it\/news\/dall_ambasciata\/2021\/09\/concorso-di-poster-dante-700-2\/"},"modified":"2021-09-14T19:42:24","modified_gmt":"2021-09-14T23:42:24","slug":"concorso-di-poster-dante-700-2","status":"publish","type":"post","link":"https:\/\/amblavana.esteri.it\/es\/news\/dall_ambasciata\/2021\/09\/concorso-di-poster-dante-700-2\/","title":{"rendered":"Concurso di Carteles: Dante 700"},"content":{"rendered":"<p>Para celebrar en Cuba los 700 a\u00f1os de la muerte de Dante Alighieri, la Embajada de Italia invita a j\u00f3venes dise\u00f1adores cubanos a presentar un proyecto gr\u00e1fico para homenajear al padre de la lengua italiana.<\/p>\n<p>Consulta la convocatoria en la p\u00e1gina: CartelON | Gr\u00e1fica Cubana (<a href=\"http:\/\/carteloncuba.com\">http:\/\/carteloncuba.com<\/a>)<\/p>\n","protected":false},"excerpt":{"rendered":"Para celebrar en Cuba los 700 a\u00f1os de la muerte de Dante Alighieri, la Embajada de Italia invita a j\u00f3venes dise\u00f1adores cubanos a presentar un proyecto gr\u00e1fico para homenajear al padre de la lengua italiana. Consulta la convocatoria en la p\u00e1gina: CartelON | Gr\u00e1fica Cubana (http:\/\/carteloncuba.com)","protected":false},"author":1,"featured_media":0,"comment_status":"","ping_status":"","sticky":false,"template":"","format":"standard","meta":{"footnotes":""},"tags":[],"class_list":["post-921","post","type-post","status-publish","format-standard","hentry"],"_links":{"self":[{"href":"https:\/\/amblavana.esteri.it\/es\/wp-json\/wp\/v2\/posts\/921","targetHints":{"allow":["GET"]}}],"collection":[{"href":"https:\/\/amblavana.esteri.it\/es\/wp-json\/wp\/v2\/posts"}],"about":[{"href":"https:\/\/amblavana.esteri.it\/es\/wp-json\/wp\/v2\/types\/post"}],"author":[{"embeddable":true,"href":"https:\/\/amblavana.esteri.it\/es\/wp-json\/wp\/v2\/users\/1"}],"replies":[{"embeddable":true,"href":"https:\/\/amblavana.esteri.it\/es\/wp-json\/wp\/v2\/comments?post=921"}],"version-history":[{"count":0,"href":"https:\/\/amblavana.esteri.it\/es\/wp-json\/wp\/v2\/posts\/921\/revisions"}],"wp:attachment":[{"href":"https:\/\/amblavana.esteri.it\/es\/wp-json\/wp\/v2\/media?parent=921"}],"wp:term":[{"taxonomy":"post_tag","embeddable":true,"href":"https:\/\/amblavana.esteri.it\/es\/wp-json\/wp\/v2\/tags?post=921"}],"curies":[{"name":"wp","href":"https:\/\/api.w.org\/{rel}","templated":true}]}}