{"id":908,"date":"2021-11-16T17:14:19","date_gmt":"2021-11-16T21:14:19","guid":{"rendered":"https:\/\/amblavana.esteri.it\/news\/dall_ambasciata\/2021\/11\/ritorna-la-settimana-della-cultura-2\/"},"modified":"2021-11-16T17:14:19","modified_gmt":"2021-11-16T21:14:19","slug":"ritorna-la-settimana-della-cultura-2","status":"publish","type":"post","link":"https:\/\/amblavana.esteri.it\/es\/news\/dall_ambasciata\/2021\/11\/ritorna-la-settimana-della-cultura-2\/","title":{"rendered":"Regresa la Semana de la Cultura Italiana en Cuba"},"content":{"rendered":"<p>Contribuir a la recuperaci\u00f3n de la ciudad y de sus espacios a trav\u00e9s de la cultura en todas sus formas: \u00e9ste es el principal objetivo de la XXIII edici\u00f3n de la Semana de la Cultura Italiana en Cuba, que tendr\u00e1 lugar del 22 al 27 de noviembre pr\u00f3ximos, organizada por la Embajada de Italia en coordinaci\u00f3n con el Ministerio de Cultura, la Oficina del Historiador de la Ciudad de La Habana y diversas<br \/>instituciones italianas y cubanas.<\/p>\n<p>La Semana de la Cultura Italiana en Cuba se celebra desde el a\u00f1o 1996, para responder a una demanda creciente de presencia italiana en la m\u00fasica, el cine, las artes visuales, el espect\u00e1culo y la literatura. Es un ejemplo de cooperaci\u00f3n e intercambio entre<br \/>dos Pa\u00edses unidos no s\u00f3lo por su ra\u00edz latina, sino tambi\u00e9n por su riqueza cultural y creativa. Como en ediciones anteriores, en esta Semana se rendir\u00e1 homenaje a destacadas figuras de la cultura italiana y a su aporte al contexto cultural cubano.<\/p>\n<p>Este a\u00f1o, ocupa un lugar primordial el 700 aniversario de la muerte de Dante Alighieri, con la develaci\u00f3n, en La Habana Vieja, de una estatua dedicada al padre de la lengua italiana, seguida por el evento inaugural en el Palacio del Segundo Cabo. En el programa de la Semana destacan adem\u00e1s, entre otros, la presentaci\u00f3n de los proyectos para la recuperaci\u00f3n de la Escuela de Teatro del ISA, dise\u00f1ada por el arquitecto italiano Roberto Gottardi, las celebraciones del primer centenario del nacimiento del cineasta Pier Paolo Pasolini, la entrega del Premio de Novela Italo Calvino, gran escritor italiano nacido en Cuba, y el concierto de clausura de la Camerata Romeu en la Bas\u00edlica de San Francisco de As\u00eds, con obras de Vivaldi y de Ennio Morricone.<\/p>\n<p>Tras un largo per\u00edodo de restricciones sanitarias, esta Semana ser\u00e1 uno de los primeros acontecimientos culturales internacionales en La Habana Constituir\u00e1 tambi\u00e9n una oportunidad de diversi\u00f3n y enriquecimiento para el p\u00fablico y un gesto de apoyo concreto a los<br \/>profesionales e instituciones del sector cultural.<\/p>\n<p>A causa de las necesarias medidas sanitarias para la contenci\u00f3n de la Covid-19, el aforo de los eventos ser\u00e1 limitado. Se solicita por lo tanto reservar con antelaci\u00f3n las entradas, que ser\u00e1n todas gratuitas. Asimismo, las principales actividades ser\u00e1n retransmitidas en plataformas virtuales, con el fin de permitir la participaci\u00f3n de todas las personas que por alguna raz\u00f3n no puedan estar presentes f\u00edsicamente.<\/p>\n","protected":false},"excerpt":{"rendered":"Contribuir a la recuperaci\u00f3n de la ciudad y de sus espacios a trav\u00e9s de la cultura en todas sus formas: \u00e9ste es el principal objetivo de la XXIII edici\u00f3n de la Semana de la Cultura Italiana en Cuba, que tendr\u00e1 lugar del 22 al 27 de noviembre pr\u00f3ximos, organizada por la Embajada de Italia en [&hellip;]","protected":false},"author":1,"featured_media":0,"comment_status":"","ping_status":"","sticky":false,"template":"","format":"standard","meta":{"footnotes":""},"tags":[],"class_list":["post-908","post","type-post","status-publish","format-standard","hentry"],"_links":{"self":[{"href":"https:\/\/amblavana.esteri.it\/es\/wp-json\/wp\/v2\/posts\/908","targetHints":{"allow":["GET"]}}],"collection":[{"href":"https:\/\/amblavana.esteri.it\/es\/wp-json\/wp\/v2\/posts"}],"about":[{"href":"https:\/\/amblavana.esteri.it\/es\/wp-json\/wp\/v2\/types\/post"}],"author":[{"embeddable":true,"href":"https:\/\/amblavana.esteri.it\/es\/wp-json\/wp\/v2\/users\/1"}],"replies":[{"embeddable":true,"href":"https:\/\/amblavana.esteri.it\/es\/wp-json\/wp\/v2\/comments?post=908"}],"version-history":[{"count":0,"href":"https:\/\/amblavana.esteri.it\/es\/wp-json\/wp\/v2\/posts\/908\/revisions"}],"wp:attachment":[{"href":"https:\/\/amblavana.esteri.it\/es\/wp-json\/wp\/v2\/media?parent=908"}],"wp:term":[{"taxonomy":"post_tag","embeddable":true,"href":"https:\/\/amblavana.esteri.it\/es\/wp-json\/wp\/v2\/tags?post=908"}],"curies":[{"name":"wp","href":"https:\/\/api.w.org\/{rel}","templated":true}]}}