{"id":902,"date":"2021-12-02T21:22:51","date_gmt":"2021-12-03T01:22:51","guid":{"rendered":"https:\/\/amblavana.esteri.it\/news\/dall_ambasciata\/2021\/12\/premio-internazionale-il-teatro-2\/"},"modified":"2021-12-02T21:22:51","modified_gmt":"2021-12-03T01:22:51","slug":"premio-internazionale-il-teatro-2","status":"publish","type":"post","link":"https:\/\/amblavana.esteri.it\/es\/news\/dall_ambasciata\/2021\/12\/premio-internazionale-il-teatro-2\/","title":{"rendered":"Premio Internacional \u201cIl Teatro Nudo\u201d"},"content":{"rendered":"<p style=\"text-align: justify;\">La Embajada de Italia se complace en difundir la convocatoria de la XIII Edici\u00f3n del Premio Internacional \u201cIl Teatro Nudo\u201d de Teresa Pomodoro.<\/p>\n<p style=\"text-align: justify;\">El premio tiene como objetivo promover el \u201cteatro inclusivo\u201d como medio para reavivar los sentimientos de comprensi\u00f3n y empat\u00eda hacia los otros, as\u00ed como dar espacio a la belleza y a la grandeza de la experiencia humana y que, adem\u00e1s, pueda reconocer el propio valor experiencial de crecimiento e intercambio indiferenciado e inclusivo sin distinci\u00f3n de edad, clase social, sexo, culturo y religi\u00f3n.<\/p>\n<p style=\"text-align: justify;\">La temporada 2021-2022, llamada \u201cSenza Confini\u201d, tiene como objetivo llegar a las compa\u00f1\u00edas de todo el mundo y presentar las mejores.<\/p>\n<p style=\"text-align: justify;\">Pueden optar por el Premio producciones internacionales, artistas de todas las disciplinas, compa\u00f1\u00edas, asociaciones e instituciones, no solo culturales y\/o art\u00edsticas. <span style=\"text-decoration: underline;\"><strong>Consulta los documentos adjuntos en el enlace arriba a la derecho y el sitio web<\/strong><\/span> <a href=\"http:\/\/www.nohma.org\">www.nohma.org<\/a><\/p>\n","protected":false},"excerpt":{"rendered":"La Embajada de Italia se complace en difundir la convocatoria de la XIII Edici\u00f3n del Premio Internacional \u201cIl Teatro Nudo\u201d de Teresa Pomodoro. El premio tiene como objetivo promover el \u201cteatro inclusivo\u201d como medio para reavivar los sentimientos de comprensi\u00f3n y empat\u00eda hacia los otros, as\u00ed como dar espacio a la belleza y a la [&hellip;]","protected":false},"author":1,"featured_media":0,"comment_status":"","ping_status":"","sticky":false,"template":"","format":"standard","meta":{"footnotes":""},"tags":[],"class_list":["post-902","post","type-post","status-publish","format-standard","hentry"],"_links":{"self":[{"href":"https:\/\/amblavana.esteri.it\/es\/wp-json\/wp\/v2\/posts\/902","targetHints":{"allow":["GET"]}}],"collection":[{"href":"https:\/\/amblavana.esteri.it\/es\/wp-json\/wp\/v2\/posts"}],"about":[{"href":"https:\/\/amblavana.esteri.it\/es\/wp-json\/wp\/v2\/types\/post"}],"author":[{"embeddable":true,"href":"https:\/\/amblavana.esteri.it\/es\/wp-json\/wp\/v2\/users\/1"}],"replies":[{"embeddable":true,"href":"https:\/\/amblavana.esteri.it\/es\/wp-json\/wp\/v2\/comments?post=902"}],"version-history":[{"count":0,"href":"https:\/\/amblavana.esteri.it\/es\/wp-json\/wp\/v2\/posts\/902\/revisions"}],"wp:attachment":[{"href":"https:\/\/amblavana.esteri.it\/es\/wp-json\/wp\/v2\/media?parent=902"}],"wp:term":[{"taxonomy":"post_tag","embeddable":true,"href":"https:\/\/amblavana.esteri.it\/es\/wp-json\/wp\/v2\/tags?post=902"}],"curies":[{"name":"wp","href":"https:\/\/api.w.org\/{rel}","templated":true}]}}