{"id":896,"date":"2022-03-01T20:13:40","date_gmt":"2022-03-02T00:13:40","guid":{"rendered":"https:\/\/amblavana.esteri.it\/news\/dall_ambasciata\/2022\/03\/festival-centenario-pasolini-a-2\/"},"modified":"2022-03-01T20:13:40","modified_gmt":"2022-03-02T00:13:40","slug":"festival-centenario-pasolini-a-2","status":"publish","type":"post","link":"https:\/\/amblavana.esteri.it\/es\/news\/dall_ambasciata\/2022\/03\/festival-centenario-pasolini-a-2\/","title":{"rendered":"Festival Centenario Pasolini en La Habana"},"content":{"rendered":"<p style=\"text-align: justify;\">El programa del Festival incluye una retrospectiva sobre la producci\u00f3n cinematogr\u00e1fica pasoliniana y una exposici\u00f3n de carteles.<\/p>\n<p style=\"text-align: justify;\">La retrospectiva, curada por la <em>Cinemateca de Cuba<\/em> y titulada \u201cPier Paolo Pasolini: cien a\u00f1os\u201d, ofrece un extenso panorma de la obra cinematogr\u00e1fica del director, as\u00ed como documentales sobre su vida y su experiencia art\u00edstica. En el marco de la rese\u00f1a, del 2 al 13 de marzo pr\u00f3ximos, ser\u00e1n proyectadas un total de 30 pel\u00edculas, en dos cines de La Habana (23y12 y Chaplin).<\/p>\n<p style=\"text-align: justify;\">La exposici\u00f3n de carteles, montada en el foyer del prestigioso Cine Chaplin con el t\u00edtulo \u201cPasolini: memoria y centenario\u201d, se inspira en diez grandes pel\u00edculas de Pasolini e incluye los carteles originales, ofrecidos en pr\u00e9stamo por el Centro de Estudios Cartel Cubano de Venecia, y las serigraf\u00edas realizadas por dise\u00f1adores cubani en el marco del concurso organizado por el proyecto CartelOn, cuya premiaci\u00f3n se desarroll\u00f3 en noviembre del a\u00f1o pasado, en el \u00e1mbito de la XXIII Semana de la Cultura italiana en Cuba.<\/p>\n<p style=\"text-align: justify;\">Inauguraci\u00f3n del Festival: 2 de marzo de 2022 a las 18:00 horas en el Cine Chaplin en La Habana.<\/p>\n<p style=\"text-align: justify;\"><a href=\"resource\/doc\/2022\/03\/programa_festival_centenario_pasolini.pdf\"><strong><span style=\"text-decoration: underline;\"><\/span><\/strong><\/a><\/p>\n","protected":false},"excerpt":{"rendered":"El programa del Festival incluye una retrospectiva sobre la producci\u00f3n cinematogr\u00e1fica pasoliniana y una exposici\u00f3n de carteles. La retrospectiva, curada por la Cinemateca de Cuba y titulada \u201cPier Paolo Pasolini: cien a\u00f1os\u201d, ofrece un extenso panorma de la obra cinematogr\u00e1fica del director, as\u00ed como documentales sobre su vida y su experiencia art\u00edstica. En el marco [&hellip;]","protected":false},"author":1,"featured_media":0,"comment_status":"","ping_status":"","sticky":false,"template":"","format":"standard","meta":{"footnotes":""},"tags":[],"class_list":["post-896","post","type-post","status-publish","format-standard","hentry"],"_links":{"self":[{"href":"https:\/\/amblavana.esteri.it\/es\/wp-json\/wp\/v2\/posts\/896","targetHints":{"allow":["GET"]}}],"collection":[{"href":"https:\/\/amblavana.esteri.it\/es\/wp-json\/wp\/v2\/posts"}],"about":[{"href":"https:\/\/amblavana.esteri.it\/es\/wp-json\/wp\/v2\/types\/post"}],"author":[{"embeddable":true,"href":"https:\/\/amblavana.esteri.it\/es\/wp-json\/wp\/v2\/users\/1"}],"replies":[{"embeddable":true,"href":"https:\/\/amblavana.esteri.it\/es\/wp-json\/wp\/v2\/comments?post=896"}],"version-history":[{"count":0,"href":"https:\/\/amblavana.esteri.it\/es\/wp-json\/wp\/v2\/posts\/896\/revisions"}],"wp:attachment":[{"href":"https:\/\/amblavana.esteri.it\/es\/wp-json\/wp\/v2\/media?parent=896"}],"wp:term":[{"taxonomy":"post_tag","embeddable":true,"href":"https:\/\/amblavana.esteri.it\/es\/wp-json\/wp\/v2\/tags?post=896"}],"curies":[{"name":"wp","href":"https:\/\/api.w.org\/{rel}","templated":true}]}}