{"id":886,"date":"2022-04-05T23:14:46","date_gmt":"2022-04-06T03:14:46","guid":{"rendered":"https:\/\/amblavana.esteri.it\/news\/dall_ambasciata\/2022\/04\/partecipazione-italiana-alla-xiv-2\/"},"modified":"2022-04-05T23:14:46","modified_gmt":"2022-04-06T03:14:46","slug":"partecipazione-italiana-alla-xiv-2","status":"publish","type":"post","link":"https:\/\/amblavana.esteri.it\/es\/news\/dall_ambasciata\/2022\/04\/partecipazione-italiana-alla-xiv-2\/","title":{"rendered":"PARTICIPACI\u00d3N ITALIANA EN LA XIV BIENAL DE LA HABANA"},"content":{"rendered":"<p style=\"text-align: justify;\">La Embajada de Italia se complace en presentar la participaci\u00f3n del artista Piero Mottola en la XIV Bienal de La Habana con la obra <em>Voices of Life<\/em>, una instalaci\u00f3n sonora, realizada con 10 altavoces y un mapa emocional, que el autor ha concebido para los espacios del <em>Museo Nacional de Bellas Artes<\/em> de La Habana.<\/p>\n<p style=\"text-align: justify;\">A trav\u00e9s de las voces, los ruidos y los ritmos vocales de la gente com\u00fan, grabados desde China hasta Europa, desde Am\u00e9rica Latina hasta el Caribe, la audiencia ser\u00e1 conducida en un viaje emocional en constante cambio. <em>Voices of Life<\/em> naci\u00f3 como parte del proyecto m\u00e1s amplio <em>Voices<\/em>, en el que Mottola ha estado trabajando desde 2015 y que ha fomentado una colaboraci\u00f3n de varios a\u00f1os entre el artista y el mundo del arte contempor\u00e1neo cubano. Tras la presentaci\u00f3n en vivo realizada en 2019 como parte de la XXII Semana de la Cultura Italiana en Cuba, Mottola regresa al <em>Museo de Bellas Artes<\/em> para presentar este nuevo proyecto, incluido en la tercera \u00abexperiencia\u00bb de la Bienal, titulada <em>Regreso al porvenir,<\/em> la \u00faltima etapa del evento inaugurada en noviembre del a\u00f1o pasado y estructurada en tres grandes secciones desarrolladas a lo largo de seis meses.<\/p>\n<p style=\"text-align: justify;\">La inauguraci\u00f3n de la obra, que luego ser\u00e1 donada al Museo, tendr\u00e1 lugar el jueves 14 de abril de 2022 a las 12.00 horas (<em>Edificio de Arte Universal<\/em>).<\/p>\n","protected":false},"excerpt":{"rendered":"La Embajada de Italia se complace en presentar la participaci\u00f3n del artista Piero Mottola en la XIV Bienal de La Habana con la obra Voices of Life, una instalaci\u00f3n sonora, realizada con 10 altavoces y un mapa emocional, que el autor ha concebido para los espacios del Museo Nacional de Bellas Artes de La Habana. [&hellip;]","protected":false},"author":1,"featured_media":0,"comment_status":"","ping_status":"","sticky":false,"template":"","format":"standard","meta":{"footnotes":""},"tags":[],"class_list":["post-886","post","type-post","status-publish","format-standard","hentry"],"_links":{"self":[{"href":"https:\/\/amblavana.esteri.it\/es\/wp-json\/wp\/v2\/posts\/886","targetHints":{"allow":["GET"]}}],"collection":[{"href":"https:\/\/amblavana.esteri.it\/es\/wp-json\/wp\/v2\/posts"}],"about":[{"href":"https:\/\/amblavana.esteri.it\/es\/wp-json\/wp\/v2\/types\/post"}],"author":[{"embeddable":true,"href":"https:\/\/amblavana.esteri.it\/es\/wp-json\/wp\/v2\/users\/1"}],"replies":[{"embeddable":true,"href":"https:\/\/amblavana.esteri.it\/es\/wp-json\/wp\/v2\/comments?post=886"}],"version-history":[{"count":0,"href":"https:\/\/amblavana.esteri.it\/es\/wp-json\/wp\/v2\/posts\/886\/revisions"}],"wp:attachment":[{"href":"https:\/\/amblavana.esteri.it\/es\/wp-json\/wp\/v2\/media?parent=886"}],"wp:term":[{"taxonomy":"post_tag","embeddable":true,"href":"https:\/\/amblavana.esteri.it\/es\/wp-json\/wp\/v2\/tags?post=886"}],"curies":[{"name":"wp","href":"https:\/\/api.w.org\/{rel}","templated":true}]}}