{"id":872,"date":"2022-05-03T18:42:25","date_gmt":"2022-05-03T22:42:25","guid":{"rendered":"https:\/\/amblavana.esteri.it\/news\/dall_ambasciata\/2022\/05\/corso-di-formazione-manageriale-2\/"},"modified":"2022-05-03T18:42:25","modified_gmt":"2022-05-03T22:42:25","slug":"corso-di-formazione-manageriale-2","status":"publish","type":"post","link":"https:\/\/amblavana.esteri.it\/es\/news\/dall_ambasciata\/2022\/05\/corso-di-formazione-manageriale-2\/","title":{"rendered":"Curso de formaci\u00f3n en gesti\u00f3n \u00abOrigini Italia\u00bb"},"content":{"rendered":"<p style=\"text-align: justify;\">La MIB School of Management di Trieste en colaboraci\u00f3n con Italian Trade Agency organizan para el a\u00f1o 2022\/2023 el curso de formaci\u00f3n en gesti\u00f3n \u00abOrigini Italia\u00bb destinado a j\u00f3venes descendientes de emigrados italianos residentes en el exterior, con el objetivo de favorecer la colaboraci\u00f3n entre las empresas italianas y los ciudadanos con or\u00edgenes italianos en el mundo.<\/p>\n<p style=\"text-align: justify;\">El curso est\u00e1 reservado para los candidatos de edad comprendida entre los 23 y los 35 a\u00f1os al momento de la inscripci\u00f3n y ser\u00e1 impartido en idioma ingl\u00e9s.\u00a0<\/p>\n<p style=\"text-align: justify;\">La inscripci\u00f3n es gratuita y el vencimiento para presentar la solicitud es el pr\u00f3ximo 31 de mayo.\u00a0<\/p>\n<p style=\"text-align: justify;\">Para m\u00e1s informaci\u00f3n, consultar la convocatoria en adjunto.\u00a0<\/p>\n<p>\u00a0<\/p>\n","protected":false},"excerpt":{"rendered":"La MIB School of Management di Trieste en colaboraci\u00f3n con Italian Trade Agency organizan para el a\u00f1o 2022\/2023 el curso de formaci\u00f3n en gesti\u00f3n \u00abOrigini Italia\u00bb destinado a j\u00f3venes descendientes de emigrados italianos residentes en el exterior, con el objetivo de favorecer la colaboraci\u00f3n entre las empresas italianas y los ciudadanos con or\u00edgenes italianos en [&hellip;]","protected":false},"author":1,"featured_media":0,"comment_status":"","ping_status":"","sticky":false,"template":"","format":"standard","meta":{"footnotes":""},"tags":[],"class_list":["post-872","post","type-post","status-publish","format-standard","hentry"],"_links":{"self":[{"href":"https:\/\/amblavana.esteri.it\/es\/wp-json\/wp\/v2\/posts\/872","targetHints":{"allow":["GET"]}}],"collection":[{"href":"https:\/\/amblavana.esteri.it\/es\/wp-json\/wp\/v2\/posts"}],"about":[{"href":"https:\/\/amblavana.esteri.it\/es\/wp-json\/wp\/v2\/types\/post"}],"author":[{"embeddable":true,"href":"https:\/\/amblavana.esteri.it\/es\/wp-json\/wp\/v2\/users\/1"}],"replies":[{"embeddable":true,"href":"https:\/\/amblavana.esteri.it\/es\/wp-json\/wp\/v2\/comments?post=872"}],"version-history":[{"count":0,"href":"https:\/\/amblavana.esteri.it\/es\/wp-json\/wp\/v2\/posts\/872\/revisions"}],"wp:attachment":[{"href":"https:\/\/amblavana.esteri.it\/es\/wp-json\/wp\/v2\/media?parent=872"}],"wp:term":[{"taxonomy":"post_tag","embeddable":true,"href":"https:\/\/amblavana.esteri.it\/es\/wp-json\/wp\/v2\/tags?post=872"}],"curies":[{"name":"wp","href":"https:\/\/api.w.org\/{rel}","templated":true}]}}