{"id":860,"date":"2022-05-20T18:36:55","date_gmt":"2022-05-20T22:36:55","guid":{"rendered":"https:\/\/amblavana.esteri.it\/news\/dall_ambasciata\/2022\/05\/giornata-del-design-italiano-a-2\/"},"modified":"2022-05-20T18:36:55","modified_gmt":"2022-05-20T22:36:55","slug":"giornata-del-design-italiano-a-2","status":"publish","type":"post","link":"https:\/\/amblavana.esteri.it\/es\/news\/dall_ambasciata\/2022\/05\/giornata-del-design-italiano-a-2\/","title":{"rendered":"JORNADA DEL DISE\u00d1O ITALIANO EN CUBA"},"content":{"rendered":"<p style=\"text-align: justify;\">En ocasi\u00f3n de la Bienal de dise\u00f1o de La Habana, el pr\u00f3ximo 26 de mayo el Centro ReDi (Restauraci\u00f3n y Dise\u00f1o) acoger\u00e1 la Jornada del dise\u00f1o italiano en Cuba. El evento, organizado gracias a la colaboraci\u00f3n entre la Embajada, la Oficina ICE, la Oficina Nacional de Dise\u00f1o y la Oficina del Historiador de La Habana estar\u00e1 dedicado al universo del caf\u00e9, abarcando desde el dise\u00f1o industrial a los objetos y al dise\u00f1o de interiores.<\/p>\n<p style=\"text-align: justify;\">La conferencia del Embajador del dise\u00f1o italiano, el arquitecto David Dolcini, tendr\u00e1 como tema central la relaci\u00f3n entre el mundo del caf\u00e9 y el dise\u00f1o, con un enfoque sobre sostenibilidad y estilo de vida. El mismo d\u00eda ser\u00e1n tambi\u00e9n presentados los resultados del concurso \u201cQuedamos para un caf\u00e9\u201d, que permitir\u00e1 a los j\u00f3venes dise\u00f1adores cubanos ganadores pasar un per\u00edodo de formaci\u00f3n en Italia.<\/p>\n<p style=\"text-align: justify;\">La Jornada del dise\u00f1o est\u00e1 precedida por una serie de seminarios, que se desarrollar\u00e1n en el mismo Centro ReDi a partir del 23 de mayo (clic a<a href=\"resource\/doc\/2022\/05\/programa.pdf\">qu\u00ed<\/a> para el programa completo de la iniciativa).<\/p>\n","protected":false},"excerpt":{"rendered":"En ocasi\u00f3n de la Bienal de dise\u00f1o de La Habana, el pr\u00f3ximo 26 de mayo el Centro ReDi (Restauraci\u00f3n y Dise\u00f1o) acoger\u00e1 la Jornada del dise\u00f1o italiano en Cuba. El evento, organizado gracias a la colaboraci\u00f3n entre la Embajada, la Oficina ICE, la Oficina Nacional de Dise\u00f1o y la Oficina del Historiador de La Habana [&hellip;]","protected":false},"author":1,"featured_media":0,"comment_status":"","ping_status":"","sticky":false,"template":"","format":"standard","meta":{"footnotes":""},"tags":[],"class_list":["post-860","post","type-post","status-publish","format-standard","hentry"],"_links":{"self":[{"href":"https:\/\/amblavana.esteri.it\/es\/wp-json\/wp\/v2\/posts\/860","targetHints":{"allow":["GET"]}}],"collection":[{"href":"https:\/\/amblavana.esteri.it\/es\/wp-json\/wp\/v2\/posts"}],"about":[{"href":"https:\/\/amblavana.esteri.it\/es\/wp-json\/wp\/v2\/types\/post"}],"author":[{"embeddable":true,"href":"https:\/\/amblavana.esteri.it\/es\/wp-json\/wp\/v2\/users\/1"}],"replies":[{"embeddable":true,"href":"https:\/\/amblavana.esteri.it\/es\/wp-json\/wp\/v2\/comments?post=860"}],"version-history":[{"count":0,"href":"https:\/\/amblavana.esteri.it\/es\/wp-json\/wp\/v2\/posts\/860\/revisions"}],"wp:attachment":[{"href":"https:\/\/amblavana.esteri.it\/es\/wp-json\/wp\/v2\/media?parent=860"}],"wp:term":[{"taxonomy":"post_tag","embeddable":true,"href":"https:\/\/amblavana.esteri.it\/es\/wp-json\/wp\/v2\/tags?post=860"}],"curies":[{"name":"wp","href":"https:\/\/api.w.org\/{rel}","templated":true}]}}