{"id":854,"date":"2022-05-31T20:25:49","date_gmt":"2022-06-01T00:25:49","guid":{"rendered":"https:\/\/amblavana.esteri.it\/news\/dall_ambasciata\/2022\/05\/festival-orizzonti-italia-cuba-2\/"},"modified":"2022-05-31T20:25:49","modified_gmt":"2022-06-01T00:25:49","slug":"festival-orizzonti-italia-cuba-2","status":"publish","type":"post","link":"https:\/\/amblavana.esteri.it\/es\/news\/dall_ambasciata\/2022\/05\/festival-orizzonti-italia-cuba-2\/","title":{"rendered":"Festival \u00abOrizzonti Italia Cuba\u00bb"},"content":{"rendered":"<p>Del 4 al 11 de junio de 2022 tendr\u00e1 lugar en La Habana un intenso programa de actividades en el marco del proyecto Orizzonti Italia-Cuba, el cual nace como espacio de di\u00e1logo entre las dos industrias cinematogr\u00e1ficas.\u00a0<\/p>\n<p>Esta primera edici\u00f3n estar\u00e1 dedicada al cineasta italiano Cesare Zavattini, en ocasi\u00f3n de su aniversario 120 y a la Regi\u00f3n Lazio.\u00a0<\/p>\n<p>Est\u00e1n previstas actividades te\u00f3ricas (seminarios y mesas redondas), varias muestras enfocadas en el tema audiovisual y una rese\u00f1a cinematogr\u00e1fica.\u00a0<\/p>\n<p>Para tener m\u00e1s informaci\u00f3n, consultar la p\u00e1gina\u00a0<a href=\"https:\/\/www.orizzontiitaliacuba.com\/\">www.orizzontiitaliacuba.com<\/a><\/p>\n<p>\u00a0<\/p>\n","protected":false},"excerpt":{"rendered":"Del 4 al 11 de junio de 2022 tendr\u00e1 lugar en La Habana un intenso programa de actividades en el marco del proyecto Orizzonti Italia-Cuba, el cual nace como espacio de di\u00e1logo entre las dos industrias cinematogr\u00e1ficas.\u00a0 Esta primera edici\u00f3n estar\u00e1 dedicada al cineasta italiano Cesare Zavattini, en ocasi\u00f3n de su aniversario 120 y a [&hellip;]","protected":false},"author":1,"featured_media":0,"comment_status":"","ping_status":"","sticky":false,"template":"","format":"standard","meta":{"footnotes":""},"tags":[],"class_list":["post-854","post","type-post","status-publish","format-standard","hentry"],"_links":{"self":[{"href":"https:\/\/amblavana.esteri.it\/es\/wp-json\/wp\/v2\/posts\/854","targetHints":{"allow":["GET"]}}],"collection":[{"href":"https:\/\/amblavana.esteri.it\/es\/wp-json\/wp\/v2\/posts"}],"about":[{"href":"https:\/\/amblavana.esteri.it\/es\/wp-json\/wp\/v2\/types\/post"}],"author":[{"embeddable":true,"href":"https:\/\/amblavana.esteri.it\/es\/wp-json\/wp\/v2\/users\/1"}],"replies":[{"embeddable":true,"href":"https:\/\/amblavana.esteri.it\/es\/wp-json\/wp\/v2\/comments?post=854"}],"version-history":[{"count":0,"href":"https:\/\/amblavana.esteri.it\/es\/wp-json\/wp\/v2\/posts\/854\/revisions"}],"wp:attachment":[{"href":"https:\/\/amblavana.esteri.it\/es\/wp-json\/wp\/v2\/media?parent=854"}],"wp:term":[{"taxonomy":"post_tag","embeddable":true,"href":"https:\/\/amblavana.esteri.it\/es\/wp-json\/wp\/v2\/tags?post=854"}],"curies":[{"name":"wp","href":"https:\/\/api.w.org\/{rel}","templated":true}]}}